{"id":12121,"date":"2026-08-13T12:10:16","date_gmt":"2026-08-13T15:10:16","guid":{"rendered":"https:\/\/radiokissnoticias.com.ar\/web\/?p=12121"},"modified":"2026-08-13T12:10:16","modified_gmt":"2026-08-13T15:10:16","slug":"fuerte-denuncia-contra-ana-almiron-marcos-bassi-denunciara-penalmente-a-la-presidente-del-pj-corrientes","status":"publish","type":"post","link":"https:\/\/radiokissnoticias.com.ar\/web\/2026\/08\/13\/fuerte-denuncia-contra-ana-almiron-marcos-bassi-denunciara-penalmente-a-la-presidente-del-pj-corrientes\/","title":{"rendered":"FUERTE DENUNCIA CONTRA ANA ALMIR\u00d3N:  Marcos Bassi denunciara penalmente a la presidente del PJ Corrientes"},"content":{"rendered":"<p>La interna del Partido Justicialista de Corrientes sumar\u00e1 ahora un cap\u00edtulo judicial. Marcos Bassi, presidente del PJ de Goya, avanzar\u00e1 con una denuncia en el \u00e1mbito de la Justicia contra la presidente provincial del partido, Ana Almir\u00f3n, ante lo que considera un reiterado intento de desconocer una conducci\u00f3n local que fue elegida leg\u00edtimamente por los afiliados.<\/p>\n<div>Bassi fue electo presidente del Partido Justicialista de Goya mediante la interna partidaria correspondiente y su designaci\u00f3n qued\u00f3 avalada por los organismos electorales y partidarios competentes.<\/div>\n<div><\/div>\n<div>No solo asumi\u00f3 la conducci\u00f3n local, sino tambi\u00e9n la vice presidencia 3ra a nivel provincial, en la misma l\u00ednea interna incluso que Ana Almiron.<\/div>\n<div><\/div>\n<div>Para que se entienda: Compartieron boleta, siendo Bassi candidato a Vice Presidente de la misma lista que llevaba a Almiron como Presidenta.<\/div>\n<div><\/div>\n<div>Fueron electos los dos: Bassi legitimado en las urnas con el 87% de los votos a nivel local y Almiron fue electa Presidenta a nivel provincial (y Bassi Vice Presidente) de manera directa, ya que no se presentaron listas opositores a nivel provincial.<\/div>\n<div><\/div>\n<div>Todo estaba en armon\u00eda, hasta que la conducci\u00f3n del PJ Goya se le planto a la conducci\u00f3n encabezada por Almiron el a\u00f1o pasado, cuestionando la estrategia electoral y las alianzas. Desde ah\u00ed, todo se complic\u00f3 y empezaron los idas y vueltas.<\/div>\n<div><\/div>\n<div>Y se profundiza en el \u00faltimo tiempo, cuando la conducci\u00f3n de PJ Goya hizo p\u00fablico su apoyo a Axel Kicillof a nivel nacional, dejando en evidencia a la conducci\u00f3n provincial de darle la espalda al Gobernador de la provincia de Buenos Aires.<\/div>\n<div><\/div>\n<div>Recordamos que Ana Almiron esta alineada 100% dentro de la estructura de La Campora, que conduce M\u00e1ximo Kirchner. Mientras que Bassi y la mayor\u00eda de la conducci\u00f3n actual del PJ Goya, respaldo abiertamente a Kicillof.<\/div>\n<div><\/div>\n<div>El conflicto se profundiz\u00f3 a\u00fan m\u00e1s a partir de declaraciones y actuaciones de la Presidenta provincial en las que se volvi\u00f3 a poner en duda la condici\u00f3n de Bassi como presidente del PJ goyano, incluso haciendo referencia a supuestas notificaciones y decisiones que, no existen o no cuentan con respaldo institucional suficiente para desconocer una autoridad electa.<\/div>\n<div><\/div>\n<div>En consecuencia a esas declaraciones de Almiron, donde manifest\u00f3 en diferentes medios cuestiones que son completamente falsas e inventadas, Bassi la denunciara penalmente por varios motivos.<\/div>\n<div><\/div>\n<div>Por todo esto, Bassi decidi\u00f3 avanzar directamente en sede judicial, donde buscar\u00e1 que se determine si las actuaciones de la conducci\u00f3n provincial constituyen una interferencia ileg\u00edtima en el normal funcionamiento institucional del Partido Justicialista de Goya y si afectan el ejercicio de una autoridad surgida del voto de los afiliados.<\/div>\n<div><\/div>\n<div>Adem\u00e1s, el conflicto tiene un fuerte trasfondo pol\u00edtico. Desde el PJ de Goya advierten que este tipo de reacciones de la conducci\u00f3n provincial se intensifican cada vez que el Consejo Departamental expresa p\u00fablicamente su apoyo a Axel Kicillof y a su eventual candidatura presidencial.<\/div>\n<div><\/div>\n<div>Para el sector conducido por Bassi, no se trata de una discusi\u00f3n administrativa o partidaria, sino de una disputa pol\u00edtica interna. El PJ de Goya viene manifestando de manera abierta su respaldo a Kicillof, mientras que la conducci\u00f3n provincial encabezada por Ana Almir\u00f3n mantiene una postura contraria a impulsar actualmente esa candidatura.<\/div>\n<div><\/div>\n<div>Por ese motivo, desde Goya entienden que existe un intento de condicionar pol\u00edticamente a una conducci\u00f3n municipal que decidi\u00f3 adoptar una posici\u00f3n distinta a la de las autoridades provinciales.<\/div>\n<div><\/div>\n<div>La denuncia judicial buscar\u00e1 establecer responsabilidades y determinar si puede una conducci\u00f3n provincial desconocer, obstaculizar o impedir el ejercicio de una autoridad partidaria que fue elegida democr\u00e1ticamente y reconocida formalmente.<\/div>\n<div><\/div>\n<div>La pregunta pol\u00edtica que queda instalada es contundente:<\/div>\n<div><\/div>\n<div>\u00bfSe intenta desplazar a Marcos Bassi por el respaldo del PJ de Goya a Axel Kicillof?<\/div>\n<div><\/div>\n<div>Lo concreto es que el conflicto dejar\u00e1 de desarrollarse \u00fanicamente dentro de las estructuras partidarias. Ahora ser\u00e1 la Justicia la que deber\u00e1 intervenir y analizar la actuaci\u00f3n de la conducci\u00f3n provincial del Partido Justicialista.<\/div>\n<div><\/div>\n<div>No se descarta que esto termine en una intervenci\u00f3n del Partido Justicialista, si es que ambos sectores deciden profundizar esta situaci\u00f3n.<\/div>\n","protected":false},"excerpt":{"rendered":"<p>La interna del Partido Justicialista de Corrientes sumar\u00e1 ahora un cap\u00edtulo judicial. Marcos Bassi, presidente del PJ de Goya, avanzar\u00e1 con una denuncia en el \u00e1mbito de la Justicia contra la presidente provincial del partido, Ana Almir\u00f3n, ante lo que considera un reiterado intento de desconocer una conducci\u00f3n local que fue elegida leg\u00edtimamente por los [&hellip;]<\/p>\n","protected":false},"author":2,"featured_media":12122,"comment_status":"open","ping_status":"open","sticky":false,"template":"","format":"standard","meta":{"footnotes":""},"categories":[81],"tags":[],"class_list":["post-12121","post","type-post","status-publish","format-standard","has-post-thumbnail","category-politica"],"_links":{"self":[{"href":"https:\/\/radiokissnoticias.com.ar\/web\/wp-json\/wp\/v2\/posts\/12121","targetHints":{"allow":["GET"]}}],"collection":[{"href":"https:\/\/radiokissnoticias.com.ar\/web\/wp-json\/wp\/v2\/posts"}],"about":[{"href":"https:\/\/radiokissnoticias.com.ar\/web\/wp-json\/wp\/v2\/types\/post"}],"author":[{"embeddable":true,"href":"https:\/\/radiokissnoticias.com.ar\/web\/wp-json\/wp\/v2\/users\/2"}],"replies":[{"embeddable":true,"href":"https:\/\/radiokissnoticias.com.ar\/web\/wp-json\/wp\/v2\/comments?post=12121"}],"version-history":[{"count":1,"href":"https:\/\/radiokissnoticias.com.ar\/web\/wp-json\/wp\/v2\/posts\/12121\/revisions"}],"predecessor-version":[{"id":12123,"href":"https:\/\/radiokissnoticias.com.ar\/web\/wp-json\/wp\/v2\/posts\/12121\/revisions\/12123"}],"wp:featuredmedia":[{"embeddable":true,"href":"https:\/\/radiokissnoticias.com.ar\/web\/wp-json\/wp\/v2\/media\/12122"}],"wp:attachment":[{"href":"https:\/\/radiokissnoticias.com.ar\/web\/wp-json\/wp\/v2\/media?parent=12121"}],"wp:term":[{"taxonomy":"category","embeddable":true,"href":"https:\/\/radiokissnoticias.com.ar\/web\/wp-json\/wp\/v2\/categories?post=12121"},{"taxonomy":"post_tag","embeddable":true,"href":"https:\/\/radiokissnoticias.com.ar\/web\/wp-json\/wp\/v2\/tags?post=12121"}],"curies":[{"name":"wp","href":"https:\/\/api.w.org\/{rel}","templated":true}]}}