{"id":12108,"date":"2026-08-13T10:57:53","date_gmt":"2026-08-13T13:57:53","guid":{"rendered":"https:\/\/radiokissnoticias.com.ar\/web\/?p=12108"},"modified":"2026-08-13T10:57:53","modified_gmt":"2026-08-13T13:57:53","slug":"monsenor-canecin-santa-clara-nos-ensena-a-caminar-juntos","status":"publish","type":"post","link":"https:\/\/radiokissnoticias.com.ar\/web\/2026\/08\/13\/monsenor-canecin-santa-clara-nos-ensena-a-caminar-juntos\/","title":{"rendered":"Monse\u00f1or Canec\u00edn: &#8220;Santa Clara nos ense\u00f1a a caminar juntos&#8221;"},"content":{"rendered":"<p>&nbsp;<\/p>\n<p><img loading=\"lazy\" decoding=\"async\" class=\"\" src=\"https:\/\/www.powernoticias.com\/images\/202608131222560140\" width=\"677\" height=\"903\" \/><\/p>\n<p>El obispo de Goya, monse\u00f1or Adolfo Ram\u00f3n Canec\u00edn, presidi\u00f3 la misa en honor de Santa Clara de As\u00eds en la comunidad ubicada en la zona sur de la ciudad. La fiesta patronal fue precedida por un triduo de preparaci\u00f3n, durante el cual se celebraron misas y se profundiz\u00f3 en la vida y el testimonio de la santa de As\u00eds.<\/p>\n<p>Monse\u00f1or Adolfo Ram\u00f3n Canec\u00edn present\u00f3 a la comunidad un \u00edcono de Santa Clara de As\u00eds, obsequio de las Hermanas Clarisas de Resistencia (Chaco), como un valioso signo de comuni\u00f3n eclesial.<\/p>\n<p>El obispo destac\u00f3 que &#8220;esta imagen invita a contemplar el testimonio de la santa de As\u00eds, ejemplo de fe, pobreza evang\u00e9lica y vida de oraci\u00f3n, y anim\u00f3 a los fieles a dejarse iluminar por su espiritualidad para caminar juntos en la esperanza y en el esp\u00edritu de la sinodalidad&#8221;.<\/p>\n<p>En su homil\u00eda, monse\u00f1or Canecin destac\u00f3 la figura de Santa Clara como modelo de santidad, de fidelidad al Evangelio y de confianza plena en Dios.<\/p>\n<p>&#8220;La santidad no consiste en hacer cosas extraordinarias, sino en vivir cada d\u00eda el amor, la fraternidad y la participaci\u00f3n en la vida de la Iglesia&#8221; dijo.<\/p>\n<p>Monse\u00f1or Canec\u00edn anim\u00f3 a los fieles a &#8220;caminar juntos con estilo sinodal&#8221;, promoviendo &#8220;una Iglesia donde todos sepan ponerse a la escucha de la voz del Esp\u00edritu Santo y practiquen el discernimiento comunitario para descubrir la voluntad de Dios en la comunidad&#8221;.<\/p>\n<p>Hizo referencia a la pr\u00f3xima visita del papa Le\u00f3n XIV a la Argentina.<\/p>\n<p>&#8220;Preparemos el coraz\u00f3n para recibir al Santo Padre, renovando nuestra fe, fortaleciendo la comuni\u00f3n entre nosotros y disponi\u00e9ndonos a escuchar lo que el Esp\u00edritu quiere decir hoy a la Iglesia&#8221;, expres\u00f3.<\/p>\n<p>La celebraci\u00f3n concluy\u00f3 con una oraci\u00f3n a Santa Clara de As\u00eds, y el obispo pidi\u00f3 su intercesi\u00f3n para que las comunidades de la Di\u00f3cesis de Goya, &#8220;vivan cada vez m\u00e1s el estilo sinodal al que la Iglesia es llamada, una Iglesia de comuni\u00f3n, participaci\u00f3n y misi\u00f3n&#8221;.<\/p>\n","protected":false},"excerpt":{"rendered":"<p>&nbsp; El obispo de Goya, monse\u00f1or Adolfo Ram\u00f3n Canec\u00edn, presidi\u00f3 la misa en honor de Santa Clara de As\u00eds en la comunidad ubicada en la zona sur de la ciudad. La fiesta patronal fue precedida por un triduo de preparaci\u00f3n, durante el cual se celebraron misas y se profundiz\u00f3 en la vida y el testimonio [&hellip;]<\/p>\n","protected":false},"author":2,"featured_media":12109,"comment_status":"open","ping_status":"open","sticky":false,"template":"","format":"standard","meta":{"footnotes":""},"categories":[77],"tags":[],"class_list":["post-12108","post","type-post","status-publish","format-standard","has-post-thumbnail","category-local"],"_links":{"self":[{"href":"https:\/\/radiokissnoticias.com.ar\/web\/wp-json\/wp\/v2\/posts\/12108","targetHints":{"allow":["GET"]}}],"collection":[{"href":"https:\/\/radiokissnoticias.com.ar\/web\/wp-json\/wp\/v2\/posts"}],"about":[{"href":"https:\/\/radiokissnoticias.com.ar\/web\/wp-json\/wp\/v2\/types\/post"}],"author":[{"embeddable":true,"href":"https:\/\/radiokissnoticias.com.ar\/web\/wp-json\/wp\/v2\/users\/2"}],"replies":[{"embeddable":true,"href":"https:\/\/radiokissnoticias.com.ar\/web\/wp-json\/wp\/v2\/comments?post=12108"}],"version-history":[{"count":1,"href":"https:\/\/radiokissnoticias.com.ar\/web\/wp-json\/wp\/v2\/posts\/12108\/revisions"}],"predecessor-version":[{"id":12110,"href":"https:\/\/radiokissnoticias.com.ar\/web\/wp-json\/wp\/v2\/posts\/12108\/revisions\/12110"}],"wp:featuredmedia":[{"embeddable":true,"href":"https:\/\/radiokissnoticias.com.ar\/web\/wp-json\/wp\/v2\/media\/12109"}],"wp:attachment":[{"href":"https:\/\/radiokissnoticias.com.ar\/web\/wp-json\/wp\/v2\/media?parent=12108"}],"wp:term":[{"taxonomy":"category","embeddable":true,"href":"https:\/\/radiokissnoticias.com.ar\/web\/wp-json\/wp\/v2\/categories?post=12108"},{"taxonomy":"post_tag","embeddable":true,"href":"https:\/\/radiokissnoticias.com.ar\/web\/wp-json\/wp\/v2\/tags?post=12108"}],"curies":[{"name":"wp","href":"https:\/\/api.w.org\/{rel}","templated":true}]}}