{"id":12094,"date":"2026-08-13T10:50:30","date_gmt":"2026-08-13T13:50:30","guid":{"rendered":"https:\/\/radiokissnoticias.com.ar\/web\/?p=12094"},"modified":"2026-08-13T10:50:30","modified_gmt":"2026-08-13T13:50:30","slug":"162o-aniversario-de-ituzaingo-mariano-hormaechea-acompano-a-su-par-emilio-nicolas-y-al-gobernador-juan-pablo-valdes-en-la-celebracion","status":"publish","type":"post","link":"https:\/\/radiokissnoticias.com.ar\/web\/2026\/08\/13\/162o-aniversario-de-ituzaingo-mariano-hormaechea-acompano-a-su-par-emilio-nicolas-y-al-gobernador-juan-pablo-valdes-en-la-celebracion\/","title":{"rendered":"162\u00ba ANIVERSARIO DE ITUZAING\u00d3: Mariano Hormaechea acompa\u00f1\u00f3 a su par Emilio Nicol\u00e1s y al Gobernador Juan Pablo Vald\u00e9s en la celebraci\u00f3n"},"content":{"rendered":"<div id=\"modalIntrotext\">\n<div><img decoding=\"async\" src=\"https:\/\/www.powernoticias.com\/images\/202608131050151921\" \/><\/div>\n<div><img loading=\"lazy\" decoding=\"async\" class=\"\" src=\"https:\/\/www.powernoticias.com\/images\/202608131050056895\" width=\"664\" height=\"643\" \/><\/div>\n<div><img loading=\"lazy\" decoding=\"async\" class=\"\" src=\"https:\/\/www.powernoticias.com\/images\/202608131049527987\" width=\"635\" height=\"476\" \/><\/div>\n<div><\/div>\n<div>Se llev\u00f3 a cabo ayer mi\u00e9rcoles a la tarde el acto central para conmemorar el 162. \u00b0 aniversario de Ituzaing\u00f3. La actividad oficial estuvo encabezada por el gobernador Juan Pablo Vald\u00e9s, acompa\u00f1ado por el intendente Emilio Nicol\u00e1s y otros funcionarios municipales y provinciales.<\/div>\n<div>\n<div><\/div>\n<div id=\"modalFulltext\">Al inicio, se entonaron las estrofas del Himno Nacional Argentino en guaran\u00ed y un sacerdote realiz\u00f3 una invocaci\u00f3n religiosa.<\/p>\n<p>El intendente de nuestra ciudad, Mariano Hormaechea, particip\u00f3 del acto de conmemoraci\u00f3n de los 162 a\u00f1os de Ituzaing\u00f3 desarrollado en el teatro de esa ciudad correntina, junto a intendentes de localidades invitados, funcionarios provinciales, legisladores, miembros de fuerzas armadas, de seguridad y los vecinos de la localidad.<\/p>\n<p>&#8220;Celebramos una historia construida con esfuerzo y valores y reforzamos nuestro compromiso de trabajar por el crecimiento y el desarrollo&#8221;. &#8220;Me siento muy orgulloso de la ciudad que estamos construyendo&#8221;, sostuvo el jefe comunal de Ituzaing\u00f3 Emilio Nicol\u00e1s.<\/p>\n<p>&#8220;Estoy muy feliz de poder estar ac\u00e1, en mi casa, mi querida Ituzaing\u00f3&#8221;, expres\u00f3 el gobernador de la Provincia Juan Pablo Vald\u00e9s.<\/p>\n<p>&#8220;Tenemos que seguir desarrollando y haciendo crecer a Ituzaing\u00f3, trabajando en el desarrollo de su infraestructura vial. Pronto llamaremos a licitaci\u00f3n para la obra de la avenida Pago Largo. Vamos a seguir apostando a la educaci\u00f3n y a los planes de vivienda&#8221;.<\/p>\n<p>&#8220;Sigamos mirando el futuro con esperanza. Corrientes nunca mir\u00f3 la historia, siempre form\u00f3 parte de ella&#8221;, cerr\u00f3 el gobernador.<\/p>\n<p>Direcci\u00f3n de Prensa-Municipalidad de Goya<\/p><\/div>\n<div>\n<div id=\"117986-4\"><\/div>\n<\/div>\n<\/div>\n<\/div>\n","protected":false},"excerpt":{"rendered":"<p>Se llev\u00f3 a cabo ayer mi\u00e9rcoles a la tarde el acto central para conmemorar el 162. \u00b0 aniversario de Ituzaing\u00f3. La actividad oficial estuvo encabezada por el gobernador Juan Pablo Vald\u00e9s, acompa\u00f1ado por el intendente Emilio Nicol\u00e1s y otros funcionarios municipales y provinciales. Al inicio, se entonaron las estrofas del Himno Nacional Argentino en guaran\u00ed [&hellip;]<\/p>\n","protected":false},"author":2,"featured_media":12095,"comment_status":"open","ping_status":"open","sticky":false,"template":"","format":"standard","meta":{"footnotes":""},"categories":[79],"tags":[],"class_list":["post-12094","post","type-post","status-publish","format-standard","has-post-thumbnail","category-provincia"],"_links":{"self":[{"href":"https:\/\/radiokissnoticias.com.ar\/web\/wp-json\/wp\/v2\/posts\/12094","targetHints":{"allow":["GET"]}}],"collection":[{"href":"https:\/\/radiokissnoticias.com.ar\/web\/wp-json\/wp\/v2\/posts"}],"about":[{"href":"https:\/\/radiokissnoticias.com.ar\/web\/wp-json\/wp\/v2\/types\/post"}],"author":[{"embeddable":true,"href":"https:\/\/radiokissnoticias.com.ar\/web\/wp-json\/wp\/v2\/users\/2"}],"replies":[{"embeddable":true,"href":"https:\/\/radiokissnoticias.com.ar\/web\/wp-json\/wp\/v2\/comments?post=12094"}],"version-history":[{"count":1,"href":"https:\/\/radiokissnoticias.com.ar\/web\/wp-json\/wp\/v2\/posts\/12094\/revisions"}],"predecessor-version":[{"id":12096,"href":"https:\/\/radiokissnoticias.com.ar\/web\/wp-json\/wp\/v2\/posts\/12094\/revisions\/12096"}],"wp:featuredmedia":[{"embeddable":true,"href":"https:\/\/radiokissnoticias.com.ar\/web\/wp-json\/wp\/v2\/media\/12095"}],"wp:attachment":[{"href":"https:\/\/radiokissnoticias.com.ar\/web\/wp-json\/wp\/v2\/media?parent=12094"}],"wp:term":[{"taxonomy":"category","embeddable":true,"href":"https:\/\/radiokissnoticias.com.ar\/web\/wp-json\/wp\/v2\/categories?post=12094"},{"taxonomy":"post_tag","embeddable":true,"href":"https:\/\/radiokissnoticias.com.ar\/web\/wp-json\/wp\/v2\/tags?post=12094"}],"curies":[{"name":"wp","href":"https:\/\/api.w.org\/{rel}","templated":true}]}}