{"id":12087,"date":"2026-08-13T10:46:24","date_gmt":"2026-08-13T13:46:24","guid":{"rendered":"https:\/\/radiokissnoticias.com.ar\/web\/?p=12087"},"modified":"2026-08-13T10:46:24","modified_gmt":"2026-08-13T13:46:24","slug":"conclave-pj-para-ordenar-2027-kicillof-massa-maximo-kirchner-y-gobernadores-armaron-una-mesa-politica","status":"publish","type":"post","link":"https:\/\/radiokissnoticias.com.ar\/web\/2026\/08\/13\/conclave-pj-para-ordenar-2027-kicillof-massa-maximo-kirchner-y-gobernadores-armaron-una-mesa-politica\/","title":{"rendered":"Conclave PJ para ordenar 2027: Kicillof, Massa, M\u00e1ximo Kirchner y gobernadores armaron una mesa pol\u00edtica"},"content":{"rendered":"<p>Referentes de distintos sectores del peronismo se reunieron con el objetivo de empezar a ordenar la estrategia pol\u00edtica de cara a las elecciones. Coincidieron en mantener las PASO y criticaron a Jalil y Jaldo.<\/p>\n<p>Gobernadores, jefes parlamentarios y referentes de distintos sectores del peronismo mantuvieron una reuni\u00f3n pol\u00edtica de 3 horas en la que comenzaron a delinear un esquema de coordinaci\u00f3n legislativa y la mirada puesta en las pr\u00f3ximas elecciones de 2027.<\/p>\n<p>Seg\u00fan pudo saber Noticias Argentinas, del encuentro participaron el gobernador bonaerense, Axel Kicillof; sus pares Ricardo Quintela (La Rioja), Sergio Ziliotto (La Pampa), Gildo Insfr\u00e1n (Formosa), Gustavo Melella (Tierra del Fuego) y Gerardo Zamora (Santiago del Estero).<\/p>\n<p>Tambi\u00e9n estuvieron el referente del Frente Renovador, Sergio Massa; el presidente del PJ bonaerense, M\u00e1ximo Kirchner; el jefe del bloque de Uni\u00f3n por la Patria en Diputados, Germ\u00e1n Mart\u00ednez, y el titular de la bancada peronista en el Senado, Jos\u00e9 Mayans. De acuerdo a la informaci\u00f3n que se recogi\u00f3, Mart\u00ednez y Mayas, l\u00edderes en Diputados y Senado habr\u00edan solicitado la reuni\u00f3n para fijar una estrategia legislativa conjunta.<\/p>\n<p>Uno de los principales resultados de la cumbre habr\u00eda sido el avance en la conformaci\u00f3n de una mesa pol\u00edtica destinada a articular a los distintos sectores del peronismo y establecer una instancia de coordinaci\u00f3n entre gobernadores, conducci\u00f3n partidaria y representantes parlamentarios.<\/p>\n<p>Un participante de la reuni\u00f3n confirm\u00f3 a la Agencia Noticias Argentinas que la reuni\u00f3n dur\u00f3 &#8220;3 horas&#8221; de los popes y se\u00f1al\u00f3 que los temas centrales fueron: &#8220;Presupuesto 2027, Transferencias a las Provincias, Impuesto a los Combustibles, PASO y situaci\u00f3n fiscal en distritos&#8221;.<\/p>\n<p>&#8220;Todos los presentes coincidieron en la importancia de sostener las PASO como instrumento para generar una propuesta electoral amplia y potente&#8221;, indic\u00f3 otra fuente a NA.<\/p>\n<p>La reuni\u00f3n adquiere especial relevancia por la presencia en una misma instancia de Kicillof, Massa y M\u00e1ximo Kirchner, referentes de espacios que mantienen diferencias respecto de la estrategia que debe adoptar el peronismo para enfrentar al oficialismo y encarar la construcci\u00f3n electoral hacia 2027.<\/p>\n<p>El encuentro tambi\u00e9n reuni\u00f3 a gobernadores con peso territorial y a las principales autoridades parlamentarias de Uni\u00f3n por la Patria, en momentos en que el peronismo busca establecer mecanismos de coordinaci\u00f3n pol\u00edtica y comenzar a discutir una estrategia nacional.<\/p>\n<p>La eventual constituci\u00f3n de una mesa pol\u00edtica aparece as\u00ed como un primer intento de institucionalizar esas conversaciones y ordenar las distintas vertientes del espacio, aunque todav\u00eda resta conocer su integraci\u00f3n definitiva, su mecanismo de funcionamiento y el cronograma de pr\u00f3ximos encuentros.<\/p>\n<p>La discusi\u00f3n sobre el armado presidencial permanece abierta y constituye uno de los principales desaf\u00edos internos del peronismo de cara a 2027. En ese escenario, Kicillof aparece como uno de los dirigentes con aspiraciones nacionales, mientras Massa conserva centralidad dentro del Frente Renovador y M\u00e1ximo Kirchner mantiene influencia en la estructura del PJ bonaerense y el kirchnerismo.<\/p>\n<p>En la cumbre se tom\u00f3 una posici\u00f3n frente a las elecciones PASO: mantener las internas abiertas, simult\u00e1neas y obligatorias cuando el gobierno de Javier Milei impulsa la derogaci\u00f3n. En ese esquema de trabajo coordinado en el Congreso, en la reuni\u00f3n hubo cuestionamientos por &#8220;colaboracionistas&#8221; del oficialismo contra el gobernador de Catamarca, Ra\u00fal Jalil y el tucumano, Osvaldo Jaldo.<\/p>\n<p>La cumbre representa, en ese contexto, una primera se\u00f1al de b\u00fasqueda de unidad entre sectores que deber\u00e1n resolver diferencias pol\u00edticas y electorales antes de definir la estrategia con la que el peronismo intentar\u00e1 volver a disputar la Presidencia.<\/p>\n","protected":false},"excerpt":{"rendered":"<p>Referentes de distintos sectores del peronismo se reunieron con el objetivo de empezar a ordenar la estrategia pol\u00edtica de cara a las elecciones. Coincidieron en mantener las PASO y criticaron a Jalil y Jaldo. Gobernadores, jefes parlamentarios y referentes de distintos sectores del peronismo mantuvieron una reuni\u00f3n pol\u00edtica de 3 horas en la que comenzaron [&hellip;]<\/p>\n","protected":false},"author":2,"featured_media":12088,"comment_status":"open","ping_status":"open","sticky":false,"template":"","format":"standard","meta":{"footnotes":""},"categories":[81],"tags":[],"class_list":["post-12087","post","type-post","status-publish","format-standard","has-post-thumbnail","category-politica"],"_links":{"self":[{"href":"https:\/\/radiokissnoticias.com.ar\/web\/wp-json\/wp\/v2\/posts\/12087","targetHints":{"allow":["GET"]}}],"collection":[{"href":"https:\/\/radiokissnoticias.com.ar\/web\/wp-json\/wp\/v2\/posts"}],"about":[{"href":"https:\/\/radiokissnoticias.com.ar\/web\/wp-json\/wp\/v2\/types\/post"}],"author":[{"embeddable":true,"href":"https:\/\/radiokissnoticias.com.ar\/web\/wp-json\/wp\/v2\/users\/2"}],"replies":[{"embeddable":true,"href":"https:\/\/radiokissnoticias.com.ar\/web\/wp-json\/wp\/v2\/comments?post=12087"}],"version-history":[{"count":2,"href":"https:\/\/radiokissnoticias.com.ar\/web\/wp-json\/wp\/v2\/posts\/12087\/revisions"}],"predecessor-version":[{"id":12090,"href":"https:\/\/radiokissnoticias.com.ar\/web\/wp-json\/wp\/v2\/posts\/12087\/revisions\/12090"}],"wp:featuredmedia":[{"embeddable":true,"href":"https:\/\/radiokissnoticias.com.ar\/web\/wp-json\/wp\/v2\/media\/12088"}],"wp:attachment":[{"href":"https:\/\/radiokissnoticias.com.ar\/web\/wp-json\/wp\/v2\/media?parent=12087"}],"wp:term":[{"taxonomy":"category","embeddable":true,"href":"https:\/\/radiokissnoticias.com.ar\/web\/wp-json\/wp\/v2\/categories?post=12087"},{"taxonomy":"post_tag","embeddable":true,"href":"https:\/\/radiokissnoticias.com.ar\/web\/wp-json\/wp\/v2\/tags?post=12087"}],"curies":[{"name":"wp","href":"https:\/\/api.w.org\/{rel}","templated":true}]}}