{"id":12080,"date":"2026-08-13T10:33:10","date_gmt":"2026-08-13T13:33:10","guid":{"rendered":"https:\/\/radiokissnoticias.com.ar\/web\/?p=12080"},"modified":"2026-08-13T10:33:10","modified_gmt":"2026-08-13T13:33:10","slug":"asamblea-en-misiones-gobernadores-del-norte-grande-plantearon-sus-reclamos-y-santilli-prometio-respuestas","status":"publish","type":"post","link":"https:\/\/radiokissnoticias.com.ar\/web\/2026\/08\/13\/asamblea-en-misiones-gobernadores-del-norte-grande-plantearon-sus-reclamos-y-santilli-prometio-respuestas\/","title":{"rendered":"ASAMBLEA EN MISIONES Gobernadores del Norte Grande plantearon sus reclamos y Santilli prometi\u00f3 respuestas"},"content":{"rendered":"<p>Energ\u00eda, gas, rutas, transporte, infraestructura y prevenci\u00f3n clim\u00e1tica concentraron los planteos. Corrientes pidi\u00f3 una tarifa diferenciada para zonas c\u00e1lidas y m\u00e1s obras para sostener su producci\u00f3n.<\/p>\n<div>La 24\u00aa Asamblea de Gobernadores del Norte Grande se transform\u00f3 ayer en una mesa de reclamos y b\u00fasqueda de acuerdos entre las provincias y el Gobierno nacional. El encuentro, realizado en Posadas, reuni\u00f3 a mandatarios de la regi\u00f3n con el jefe de Gabinete, Diego Santilli, en un escenario marcado por las demandas de infraestructura y energ\u00eda y por la necesidad de recomponer el v\u00ednculo entre la Naci\u00f3n y las provincias.<\/div>\n<div>\n<div><\/div>\n<div>La agenda regional tuvo varios ejes comunes. Los gobernadores plantearon la necesidad de ampliar la infraestructura energ\u00e9tica y gas\u00edfera, avanzar con el mantenimiento y recuperaci\u00f3n de las rutas nacionales, mejorar el transporte y garantizar financiamiento para obras consideradas estrat\u00e9gicas. Tambi\u00e9n analizaron medidas preventivas frente a los posibles efectos del fen\u00f3meno de El Ni\u00f1o y posteriores per\u00edodos de sequ\u00eda.<\/div>\n<div>Corrientes llev\u00f3 al encuentro un planteo centrado en las condiciones energ\u00e9ticas necesarias para sostener el desarrollo productivo. El gobernador Juan Pablo Vald\u00e9s reclam\u00f3 una tarifa diferenciada para las zonas c\u00e1lidas y muy c\u00e1lidas, mediante un esquema similar al vigente para las denominadas zonas fr\u00edas. La propuesta apunta a contemplar el mayor consumo el\u00e9ctrico que requieren las provincias del Norte Grande durante los per\u00edodos de altas temperaturas.<\/div>\n<\/div>\n<div>\n<div><\/div>\n<div>Vald\u00e9s se\u00f1al\u00f3 que el acceso a energ\u00eda en condiciones competitivas permitir\u00eda agregar valor a producciones como el arroz y ampliar las posibilidades de inserci\u00f3n en nuevos mercados.<\/div>\n<\/div>\n<div>\n<div><\/div>\n<div>El mandatario correntino sum\u00f3 adem\u00e1s el reclamo por la recuperaci\u00f3n de las rutas nacionales, consideradas fundamentales para el traslado de la producci\u00f3n forestal, minera y arrocera. A esto agreg\u00f3 la necesidad de mejorar la navegabilidad del r\u00edo Paran\u00e1 para reducir costos log\u00edsticos y fortalecer la competitividad regional.<\/div>\n<div>Los dem\u00e1s gobernadores coincidieron en buena parte de esas demandas. El anfitri\u00f3n Hugo Passalacqua puso el acento en una estrategia energ\u00e9tica espec\u00edfica para el Norte Grande, mientras que el tucumano Osvaldo Jaldo reclam\u00f3 acelerar la Reversi\u00f3n del Gasoducto del Norte para garantizar el abastecimiento de las industrias.<\/div>\n<div>Con ese listado sobre la mesa, Santilli busc\u00f3 mostrarse como un puente entre las provincias y la Naci\u00f3n. El jefe de Gabinete sostuvo que comparte buena parte de las preocupaciones planteadas y afirm\u00f3 que &#8220;casi el 90%&#8221; de la agenda que lleva es coincidente con la de los gobernadores.<\/div>\n<\/div>\n<div>\n<div><\/div>\n<div>En materia de infraestructura vial, anunci\u00f3 que el Gobierno nacional prev\u00e9 reactivar obras sobre unos 9.000 kil\u00f3metros de rutas hacia fines de agosto o comienzos de septiembre. Seg\u00fan explic\u00f3, la Naci\u00f3n mantiene conversaciones individuales con los gobernadores para definir las prioridades de cada jurisdicci\u00f3n y mencion\u00f3 especialmente trabajos previstos en Misiones, San Juan y Corrientes.<\/div>\n<div>El encuentro dej\u00f3 as\u00ed planteada una agenda federal amplia, con reclamos concretos de las provincias y un compromiso oficial de avanzar en obras y respuestas. La cuesti\u00f3n energ\u00e9tica, el estado de las rutas y las necesidades productivas quedaron entre los principales temas pendientes de una relaci\u00f3n que las partes buscan encauzar.<\/div>\n<\/div>\n<div><\/div>\n<div>\n<div><\/div>\n<div><b>Promesas del Jefe de Gabinete<\/b><\/div>\n<\/div>\n<div><\/div>\n<div>\n<div><\/div>\n<div>El jefe de Gabinete de la Naci\u00f3n, Diego Santilli, evit\u00f3 referirse a la interna pol\u00edtica de Misiones y, tras la reuni\u00f3n con los gobernadores del Norte Grande, centr\u00f3 sus declaraciones en la producci\u00f3n y la infraestructura. En ese marco, destac\u00f3 el movimiento exportador de la regi\u00f3n y puso el foco en la situaci\u00f3n de las rutas nacionales.<\/div>\n<div>Santilli asegur\u00f3 que el Gobierno nacional trabaja en un plan para reactivar obras sobre unos 9.000 kil\u00f3metros de rutas, con trabajos que podr\u00edan comenzar entre fines de agosto y principios de septiembre. &#8220;Estar\u00edan entrando en obra a fin de mes, principio de septiembre, los 9.000 kil\u00f3metros. Eso es muy importante para toda la Argentina&#8221;, afirm\u00f3.<\/div>\n<\/div>\n<div>\n<div><\/div>\n<div>El funcionario explic\u00f3 adem\u00e1s que la Naci\u00f3n mantiene conversaciones individuales con los gobernadores para determinar las obras prioritarias en cada provincia. Entre las jurisdicciones mencionadas se encuentran Misiones, San Juan y Corrientes.<\/div>\n<\/div>\n<div>\n<div><\/div>\n<div>La infraestructura vial fue uno de los principales reclamos planteados durante la Asamblea del Norte Grande, junto con las demandas por energ\u00eda, gas y financiamiento de obras estrat\u00e9gicas.<\/div>\n<div>Consensos para la transici\u00f3n econ\u00f3mica<\/div>\n<\/div>\n<div>\n<div><\/div>\n<div>El gobernador de Catamarca, Ra\u00fal Jalil, pidi\u00f3 fortalecer el di\u00e1logo entre las provincias y el Gobierno nacional para afrontar los cambios de la econom\u00eda y definir una nueva matriz productiva. Durante la reuni\u00f3n del Norte Grande en Misiones, valor\u00f3 la presencia del jefe de Gabinete, Diego Santilli, y consider\u00f3 que estos encuentros permiten abordar las distintas realidades provinciales.<\/div>\n<\/div>\n<div>\n<div><\/div>\n<div>Jalil se\u00f1al\u00f3 que la transici\u00f3n econ\u00f3mica genera efectos diferentes seg\u00fan cada sector. &#8220;Hay sectores que est\u00e1n bien, sectores que est\u00e1n sufriendo esta transici\u00f3n econ\u00f3mica&#8221;, sostuvo. En ese contexto, destac\u00f3 la reducci\u00f3n de la inflaci\u00f3n, aunque advirti\u00f3 sobre su impacto en el empleo y mencion\u00f3 el aumento del desempleo.<\/div>\n<\/div>\n<div>\n<div><\/div>\n<div>El mandatario destac\u00f3 en declaraciones a Momarand\u00fa, actividades con perspectivas favorables, como la miner\u00eda en Catamarca, adem\u00e1s del crecimiento del gas y el petr\u00f3leo, la ganader\u00eda y la agroindustria en otras regiones. Consider\u00f3 que cada sector requiere respuestas acordes con sus caracter\u00edsticas y plante\u00f3 que las provincias deben participar en la discusi\u00f3n sobre el nuevo esquema productivo.<\/div>\n<\/div>\n<div>\n<div><\/div>\n<div>Tambi\u00e9n reclam\u00f3 avanzar sobre infraestructura y financiamiento, especialmente para rutas y obras pendientes. Para Jalil, la definici\u00f3n de una nueva matriz econ\u00f3mica debe construirse mediante acuerdos institucionales. &#8220;Es importante que esta transici\u00f3n econ\u00f3mica, esta matriz econ\u00f3mica, lo hagamos a trav\u00e9s del di\u00e1logo y el consenso&#8221;, afirm\u00f3.<\/div>\n<\/div>\n<div><\/div>\n<div>\n<div><\/div>\n<div><b>El reclamo de fondos para rutas, a la justicia<\/b><\/div>\n<\/div>\n<div><\/div>\n<div>\n<div><\/div>\n<div>El gobernador de Salta, Gustavo S\u00e1enz, anticip\u00f3 que su provincia recurrir\u00e1 a la Justicia para reclamar por el manejo y la distribuci\u00f3n de los recursos de un fondo fiduciario destinado al mantenimiento de las rutas nacionales. El mandatario sostuvo que el planteo deber\u00eda ser acompa\u00f1ado por el resto de las provincias, debido al deterioro general de la infraestructura vial.<\/div>\n<\/div>\n<div>\n<div><\/div>\n<div>S\u00e1enz se\u00f1al\u00f3 ayer en declaraciones a la prenss que Salta ya present\u00f3 distintas notas ante las autoridades y cuestion\u00f3 el criterio utilizado para distribuir los fondos, al considerar que existe una asignaci\u00f3n discrecional entre las jurisdicciones. Seg\u00fan explic\u00f3, la informaci\u00f3n sobre el monto y el destino de los recursos se conoci\u00f3 posteriormente a partir de una investigaci\u00f3n period\u00edstica.<\/div>\n<\/div>\n<div>\n<div><\/div>\n<div>El gobernador tambi\u00e9n reclam\u00f3 pol\u00edticas nacionales que contemplen las particularidades de las econom\u00edas regionales y mencion\u00f3 las dificultades que atraviesa la producci\u00f3n de banana en Salta. En ese sentido, pidi\u00f3 que los representantes provinciales lleven estos reclamos al Congreso y act\u00faen de manera conjunta.<\/div>\n<\/div>\n<div>\n<div><\/div>\n<div>&#8220;Hay que empezar a mirar m\u00e1s para el interior&#8221;, sostuvo S\u00e1enz, quien cuestion\u00f3 decisiones nacionales adoptadas sin considerar las realidades productivas de cada provincia. Tambi\u00e9n pidi\u00f3 que los funcionarios recorran el territorio antes de definir medidas que impacten sobre productores, infraestructura y comunidades.<\/div>\n<\/div>\n","protected":false},"excerpt":{"rendered":"<p>Energ\u00eda, gas, rutas, transporte, infraestructura y prevenci\u00f3n clim\u00e1tica concentraron los planteos. Corrientes pidi\u00f3 una tarifa diferenciada para zonas c\u00e1lidas y m\u00e1s obras para sostener su producci\u00f3n. La 24\u00aa Asamblea de Gobernadores del Norte Grande se transform\u00f3 ayer en una mesa de reclamos y b\u00fasqueda de acuerdos entre las provincias y el Gobierno nacional. El encuentro, [&hellip;]<\/p>\n","protected":false},"author":2,"featured_media":12081,"comment_status":"open","ping_status":"open","sticky":false,"template":"","format":"standard","meta":{"footnotes":""},"categories":[81],"tags":[],"class_list":["post-12080","post","type-post","status-publish","format-standard","has-post-thumbnail","category-politica"],"_links":{"self":[{"href":"https:\/\/radiokissnoticias.com.ar\/web\/wp-json\/wp\/v2\/posts\/12080","targetHints":{"allow":["GET"]}}],"collection":[{"href":"https:\/\/radiokissnoticias.com.ar\/web\/wp-json\/wp\/v2\/posts"}],"about":[{"href":"https:\/\/radiokissnoticias.com.ar\/web\/wp-json\/wp\/v2\/types\/post"}],"author":[{"embeddable":true,"href":"https:\/\/radiokissnoticias.com.ar\/web\/wp-json\/wp\/v2\/users\/2"}],"replies":[{"embeddable":true,"href":"https:\/\/radiokissnoticias.com.ar\/web\/wp-json\/wp\/v2\/comments?post=12080"}],"version-history":[{"count":1,"href":"https:\/\/radiokissnoticias.com.ar\/web\/wp-json\/wp\/v2\/posts\/12080\/revisions"}],"predecessor-version":[{"id":12082,"href":"https:\/\/radiokissnoticias.com.ar\/web\/wp-json\/wp\/v2\/posts\/12080\/revisions\/12082"}],"wp:featuredmedia":[{"embeddable":true,"href":"https:\/\/radiokissnoticias.com.ar\/web\/wp-json\/wp\/v2\/media\/12081"}],"wp:attachment":[{"href":"https:\/\/radiokissnoticias.com.ar\/web\/wp-json\/wp\/v2\/media?parent=12080"}],"wp:term":[{"taxonomy":"category","embeddable":true,"href":"https:\/\/radiokissnoticias.com.ar\/web\/wp-json\/wp\/v2\/categories?post=12080"},{"taxonomy":"post_tag","embeddable":true,"href":"https:\/\/radiokissnoticias.com.ar\/web\/wp-json\/wp\/v2\/tags?post=12080"}],"curies":[{"name":"wp","href":"https:\/\/api.w.org\/{rel}","templated":true}]}}