{"id":12071,"date":"2026-08-13T01:54:37","date_gmt":"2026-08-13T04:54:37","guid":{"rendered":"https:\/\/radiokissnoticias.com.ar\/web\/?p=12071"},"modified":"2026-08-13T01:54:37","modified_gmt":"2026-08-13T04:54:37","slug":"el-concejo-deliberante-aprobo-ordenanzas-sobre-transporte-urbano-con-uso-de-aplicaciones-y-de-seguridad-vial-en-la-costanera-de-goya","status":"publish","type":"post","link":"https:\/\/radiokissnoticias.com.ar\/web\/2026\/08\/13\/el-concejo-deliberante-aprobo-ordenanzas-sobre-transporte-urbano-con-uso-de-aplicaciones-y-de-seguridad-vial-en-la-costanera-de-goya\/","title":{"rendered":"El Concejo Deliberante aprob\u00f3 ordenanzas sobre Transporte Urbano con uso de aplicaciones y de Seguridad vial en la Costanera de Goya"},"content":{"rendered":"<p>El Cuerpo Legislativo, en la sesi\u00f3n de este mi\u00e9rcoles, creo el \u201cRegistro Municipal de prestadores de servicio de transporte privado de pasajeros mediante el uso de plataformas virtuales\u201d (similar Uber) y sancion\u00f3 una Ordenanza espec\u00edfica referida al ordenamiento urbano, la planificaci\u00f3n del espacio p\u00fablico y seguridad ciudadana, de aplicaci\u00f3n en la zona delimitada por la \u201cCostanera de Goya y Plaza Italia\u201d.<\/p>\n<div>Tambi\u00e9n declar\u00f3 de inter\u00e9s municipal el XXII \u201cPintemos Goya 2026\u201d a realizarse los d\u00edas 14, 15 y 16 de agosto y el acto de reconocimiento a instituciones y personas de Goya denominado \u201cLuz de Malvinas\u201d.<\/div>\n<div><\/div>\n<div>La 13\u00b0 sesi\u00f3n ordinaria del a\u00f1o del Concejo Deliberante de Goya, fue presidida por el Vice Intendente y presidente nato del Cuerpo, contador Sebasti\u00e1n Mazzaro, y en su transcurso los concejales aprobaron por unanimidad la ordenanza que crea el \u201cRegistro Municipal de prestadores de servicio de transporte privado de pasajeros mediante el uso de plataformas virtuales\u201d (tipo Uber).<\/div>\n<div><\/div>\n<div>La iniciativa, votada por unanimidad, resalta que el transporte a trav\u00e9s de Plataformas Electr\u00f3nicas constituye una actividad privada de inter\u00e9s p\u00fablico. Y establece que una Empresa de Transporte Privado por Plataforma Electr\u00f3nica (ETPPE) es toda persona jur\u00eddica que, registrado en la Municipalidad, mediante una aplicaci\u00f3n m\u00f3vil, plataforma web o software basado en la geolocalizaci\u00f3n, intermedia entre usuarios y conductores para la prestaci\u00f3n del servicio de transporte privado de pasajeros\u201d.<\/div>\n<div><\/div>\n<div>\n<div>El HCD tambi\u00e9n sancion\u00f3, por mayor\u00eda, una ordenanza espec\u00edfica referida al ordenamiento urbano, la planificaci\u00f3n del espacio p\u00fablico y seguridad ciudadana, de aplicaci\u00f3n en la zona delimitada por la \u201cCostanera de Goya y Plaza Italia\u201d. El per\u00edmetro restrictivo de esta norma regir\u00e1, en un plazo de 60 d\u00edas a partir de su promulgaci\u00f3n, en el sector comprendido por Pasaje Wenceslao Fern\u00e1ndez, hasta su intersecci\u00f3n con calle Espa\u00f1a, por esta hasta 12 de Octubre y desde 12 de Octubre hasta su intersecci\u00f3n con Juan Esteban Mart\u00ednez. Dicho per\u00edmetro es de prohibici\u00f3n absoluta para el tr\u00e1nsito pesado y de gran porte y no se podr\u00e1 circular a m\u00e1s de 20 km por hora.<\/div>\n<div><\/div>\n<div>Asimismo, el Cuerpo Legislativo incorpor\u00f3 al Orden del Dia, trat\u00f3 y declar\u00f3 de \u201cInter\u00e9s municipal\u201d el concurso nacional paisajista de manchas, \u201cXXII Pintemos Goya 2026\u201d, a realizarse los d\u00edas 14, 15 y 16 de agosto 2026 y el acto de reconocimiento a instituciones y personas de Goya denominado \u201cLuz de Malvinas\u201d, que tendr\u00e1 lugar este s\u00e1bado 16, a partir de las 16,30 horas en la Biblioteca Popular Sarmiento.<\/div>\n<div><\/div>\n<div><b>NOTAS INGRESADAS<\/b><\/div>\n<\/div>\n<div><\/div>\n<div>\n<div>La sesi\u00f3n continu\u00f3 con la lectura del Orden del D\u00eda por parte del Secretario del HCD, doctor Edgardo Daniel Mart\u00ednez, y luego de ponerse a consideraci\u00f3n las actas N\u00b0 1.327 y 1.328 de las \u00faltimas dos sesiones del Cuerpo, que fueron aprobadas, se dieron a conocer las notas oficiales ingresadas. Fueron las siguientes:<\/div>\n<div><\/div>\n<div>-De la Sociedad Argentina de Escritores (S.A.D.E.) Goya. Invitaci\u00f3n a la presentaci\u00f3n del libro \u201cDe la Breve Espera y la Esperanza Cierta\u201d del sacerdote y escritor Rolando Camozzi Barrios, que se realizar\u00e1 en la Casa de la Cultura el d\u00eda 20 de agosto de 2026, a las 19 horas. Pas\u00f3 a Ceremonial del HCD.<\/div>\n<div><\/div>\n<div>-Del concejal Antonio Mazzaro sobre Informaci\u00f3n y requerimiento de vecinos en Barrios y zonas inundables de nuestra ciudad de Goya. Se reserva en Secretar\u00eda.<\/div>\n<div><\/div>\n<div>-Del concejal Marcos Gonz\u00e1lez. Solicita la incorporaci\u00f3n del Expediente N\u00b0 3.964\/26 del Departamento Ejecutivo Municipal al Expte. N\u00b0 3.583\/26 del H.C.D., correspondiente al Proyecto: \u201cBARRIO MALVINAS ARGENTINAS\u201d de su autor\u00eda. Pas\u00f3 a la Secretar\u00eda de Comisiones.<\/div>\n<\/div>\n<div><\/div>\n<div>\n<div>&#8211; Del concejal Marcos Gonz\u00e1lez. Solicita la incorporaci\u00f3n del Expediente N\u00b0 3.965\/26 del Departamento Ejecutivo Municipal al Expte N\u00b0 3.586\/26 del H.C.D., correspondiente al Proyecto de Ordenanza: \u201cBarrio Mariano Moreno\u201d, de su autor\u00eda. Pas\u00f3 a la Secretar\u00eda de Comisiones.<\/div>\n<div><\/div>\n<div>&#8211; Del concejal Marcos Gonz\u00e1lez. Solicita la incorporaci\u00f3n del Expediente N\u00b0 3.966\/26 del Departamento Ejecutivo Municipal al Expte N\u00b0 3.585\/26 del H.C.D., correspondiente al Proyecto de Ordenanza: \u201cBarrio 1\u00b0 de Mayo. De su autor\u00eda. Pas\u00f3 a la Secretar\u00eda de Comisiones.<\/div>\n<div><\/div>\n<div>&#8211; Del concejal Marcos Gonz\u00e1lez. Solicita la incorporaci\u00f3n y\/o anexi\u00f3n del Expte N\u00b0 3.963\/26 del Departamento Ejecutivo Municipal al Expte N\u00b0 3.588\/26 del H.C.D., correspondiente al Proyecto de Ordenanza: \u201cNOMENCLATURA: Unifica y corrige la denominaci\u00f3n del barrio \u201cObispo Alberto Devoto\u201d. De su autor\u00eda. Pas\u00f3 a la Secretar\u00eda de Comisiones.<\/div>\n<div><\/div>\n<div>&#8211; Del concejal Marcos Gonz\u00e1lez. Solicita la incorporaci\u00f3n del Expte N\u00b0 3.961\/26 del Departamento Ejecutivo Municipal al Expte N\u00b0 3.589\/26 del H.C.D., correspondiente al Proyecto de Ordenanza: Barrios Virgen del Rosario. De su autor\u00eda. Pas\u00f3 a la Secretar\u00eda de Comisiones.<\/div>\n<div><\/div>\n<div>&#8211; Del concejal Marcos Gonz\u00e1lez. Solicita la incorporaci\u00f3n del Expte N\u00b0 3.960\/26 del Departamento Ejecutivo Municipal al Expte N\u00b0 3.590\/26 del H.C.D., correspondiente al Proyecto de Ordenanza: Barrio San Cayetano de su autor\u00eda. Pas\u00f3 a la Secretar\u00eda de Comisiones.<\/div>\n<\/div>\n<div><\/div>\n<div>\n<div><b>PROYECTOS PRESENTADOS<\/b><\/div>\n<div><\/div>\n<div>Luego se conocieron los proyectos presentados, dos de los cuales fueron tratados y aprobados sobre tablas como se mencion\u00f3 antes. Los otros proyectos ingresados fueron los siguientes:<\/div>\n<div><\/div>\n<div>-Proyecto de Ordenanza, autor\u00eda de la concejal Gabriela Refojos, sobre crear el Programa Municipal \u201cMEDICAMENTO SEGURO\u201d. Firmantes concejales Gabriela Refojos, Susana Quiroz, Vivian Merlo y Ver\u00f3nica Ram\u00edrez. Pas\u00f3 a la Comisi\u00f3n de Salud.<\/div>\n<div><\/div>\n<div>-Proyecto de Ordenanza, autor\u00eda de los concejales Oscar Ferrero y Marcos Gonz\u00e1lez sobre REGULARIZACION DOMINIAL: Autoriza subdivisi\u00f3n de parcelas urbanas en dimensiones inferiores a las de la Ordenanza 846\/97 para regularizaci\u00f3n de situaciones preexistentes. Firmantes concejales: Marcos Gonz\u00e1lez, Bel\u00e9n Gogga, Eladia Fern\u00e1ndez y Oscar Ferrero. Pas\u00f3 a las comisiones de Obras P\u00fablicas y de Legislaci\u00f3n.<\/div>\n<div><\/div>\n<div>-Proyecto de Ordenanza, autor\u00eda de los concejales Marcos Gonz\u00e1lez, Bel\u00e9n Gogga, Oscar Ferrero y Eladia Fern\u00e1ndez sobre RIESGO H\u00cdDRICO: Crea el Sistema Municipal de Gesti\u00f3n Integral del Riesgo y aprueba el Plan de Contingencia para El Ni\u00f1o 2026. Firmantes concejales: Marcos Gonz\u00e1lez, Bel\u00e9n Gogga, Oscar Ferrero y Eladia Fern\u00e1ndez. Pas\u00f3 a la comisi\u00f3n de Legislaci\u00f3n.<\/div>\n<\/div>\n<div><\/div>\n<div>\n<div>-Proyecto de Ordenanza, autor\u00eda de los concejales Marcos Gonz\u00e1lez y Bel\u00e9n Gogga. Sobre CODIGO DE EDIFICACI\u00d3N: Armoniza el C\u00f3digo de Edificaci\u00f3n con el Plan de Ordenamiento Territorial POT-GOYA. Formante concejales: Marcos Gonz\u00e1lez, Bel\u00e9n Gogga, Oscar Ferrero y Eladia Fern\u00e1ndez. Pas\u00f3 a la comisi\u00f3n de Legislaci\u00f3n.<\/div>\n<div><\/div>\n<div>-Proyecto de Ordenanza. Autor\u00eda de la concejal Susana Quiroz sobre \u201cProyecto libro Documental e Institucional de Goya\u201d. Firmantes concejales: Susana Quiroz, Vivian Merlo y Ver\u00f3nica Ram\u00edrez. Pas\u00f3 a la comisi\u00f3n de Cultura.<\/div>\n<div><\/div>\n<div>Proyecto de Ordenanza, autor\u00eda de los concejales Nahuel Cabrol y Valeria Calvi sobre Derogaci\u00f3n de Libreta Sanitaria. Firmantes concejales Nahuel Cabrol y Valeria Calvi. Paso las comisiones de Salud y de Legislaci\u00f3n.<\/div>\n<div><\/div>\n<div><b>SERVICIO DE TRANSPORTE PRIVADO DE PASAJEROS MEDIANTE EL USO DE PLATAFORMAS VIRTUALES<\/b><\/div>\n<\/div>\n<div><\/div>\n<div>\n<div>El Cuerpo se aboc\u00f3 seguidamente al tratamiento del proyecto de Ordenanza con despacho de comisi\u00f3n sobre \u201cServicio de transporte en la Ciudad\u201d.<\/div>\n<div><\/div>\n<div><b><i>Concejal Frattini<\/i><\/b><\/div>\n<\/div>\n<div><\/div>\n<div>\n<div>Al hacer uso de la palabra, el concejal Marcelo Frattini, autor de la iniciativa junto a su par M\u00f3nica Cortinovis, remarc\u00f3 que el proyecto busca regular un servicio de transporte privado pero que tiene que tiene una prestaci\u00f3n p\u00fablica \u201cpor eso necesariamente la Municipalidad debe velar por los derechos de los ciudadanos\u201d.<\/div>\n<div><\/div>\n<div>Coment\u00f3 que el proyecto fue analizado en las comisiones de Transporte y de Legislaci\u00f3n del Concejo, donde se le dio despacho. Pero que, a solicitud de algunos ediles, en Labor Parlamentaria (la reuni\u00f3n previa a la sesi\u00f3n), se le realizaron algunas modificaciones.<\/div>\n<div><\/div>\n<div>\u201cHemos trabajado con todos los concejales presentes y hemos establecido algunas reformas, algunos requerimientos que tambi\u00e9n hac\u00edan a la necesidad de que este transporte, (a trav\u00e9s de plataformas digitales) funcionara con la mayor seguridad posible para todos los ciudadanos y que sea aplicable un servicio de transporte que funciona en el mundo y que en la Argentina reci\u00e9n est\u00e1n regulando en algunas provincias, y en la Ciudad de Corrientes, y ahora si damos el positivo tambi\u00e9n ser\u00eda en Goya\u201d, sostuvo Frattini.<\/div>\n<div><\/div>\n<div>El concejal del PL indic\u00f3 que la norma establece \u201cvarios requisitos cuidando al que quiera trabajar, que tenga un trabajo digno, pero tambi\u00e9n al usuario que tenga la seguridad adecuada y que tenga la ciudadan\u00eda el servicio todos los d\u00edas y a toda hora porque queremos que Goya sea tambi\u00e9n una ciudad tur\u00edstica\u201d.<\/div>\n<div><\/div>\n<div>Adem\u00e1s, celebr\u00f3 que se haya dado un entendimiento con sus pares respecto del articulado del proyecto. \u201cHoy hemos logrado un gran consenso o por lo menos en labor parlamentaria se not\u00f3 eso\u201d, dijo y pidi\u00f3 el acompa\u00f1amiento a sus pares.<\/div>\n<\/div>\n<div><\/div>\n<div><b><i>Concejal Cortinovis<\/i><\/b><\/div>\n<div><\/div>\n<div>\n<div>Intervino seguidamente la concejal M\u00f3nica Cortinovis. La co-autora del proyecto expres\u00f3 que es potestad del Concejo establecer las normativas respecto de los servicios de transporte en este caso privado y que en esta oportunidad el proyecto presentado por el del Partido Liberal, \u201checha por tierra, todas esas versiones que fueron vertidas en los medios de comunicaci\u00f3n, por redes y dem\u00e1s, que ya exist\u00eda un servicio de Uber, porque as\u00ed lo llamaban y evitando de esta manera que los usuarios puedan caer en posibles estafas o tambi\u00e9n evitando que est\u00e9n en riesgo\u201d.<\/div>\n<div><\/div>\n<div><\/div>\n<div>La edil dijo que la iniciativa fue presentada tras hacerse eco de la necesidad existente en Goya \u201csobre todo del viaje nocturno que ya pr\u00e1cticamente es escaso, muy escaso o nulo en nuestra ciudad. Esto vendr\u00eda a dar un abanico de posibilidades, adem\u00e1s de generar tambi\u00e9n diversas fuentes de trabajo.<\/div>\n<div><\/div>\n<div><\/div>\n<div>Ese es el esp\u00edritu del proyecto y como dijo el concejal Frattini, celebro que todos estemos de acuerdo y hayamos podido pulir en Labor Parlamentaria algunas cuestiones de redacci\u00f3n y dem\u00e1s y que el proyecto salga como debe ser\u201d.<\/div>\n<div><\/div>\n<div><\/div>\n<div><b><i>Concejal C<\/i><\/b><b><i>alvi<\/i><\/b><\/div>\n<\/div>\n<div><\/div>\n<div><\/div>\n<div>\n<div>En tanto, la concej Valeria Calvi, celebr\u00f3 el proyecto, \u201ccreo que es necesario, que hoy debemos \u201caggiornarnos\u201d a esta necesidad que tiene la ciudad de Goya, sobre todo ante la escasez de otros medios de comunicaci\u00f3n. Esta es una de ellas y adem\u00e1s sin duda es una fuente importante laboral\u201d, apunt\u00f3.<\/div>\n<div>\n<div><\/div>\n<div>La edil de la UCR disidente ponder\u00f3 que este sistema por Empresa de Transporte Privado por Plataforma Electr\u00f3nica (ETPPE) \u201csin lugar a dudas es un pilar fundamental para el desarrollo a trav\u00e9s del turismo de la ciudad, pero el proyecto va a beneficiar a los goyanos en general\u201d, y adelant\u00f3 su voto positivo.<\/div>\n<div><\/div>\n<div>\u201cQuiero tambi\u00e9n ser en eso leal y honrada y as\u00ed como en muchas otras cuestiones puedo ser cr\u00edtica, en esta hemos tenido la posibilidad de la generosidad de los autores que nos han permitido poder incorporar modificaciones, quiz\u00e1s ten\u00edamos intenci\u00f3n de otras, pero tambi\u00e9n debemos ser respetuosos y entender cu\u00e1l es el criterio del autor, pero nos han permitido efectuar algunas modificaciones en la Labor Parlamentaria y as\u00ed se debe trabajar para la ciudadan\u00eda de Goya, en conjunto. Ser autor de un proyecto no te da solamente la titularidad sino te da la responsabilidad de que el proyecto tenga la mayor receptibilidad de todos los concejales que representamos a la ciudadan\u00eda y el proyecto se ha mejorado\u201d, afirm\u00f3 Calvi.<\/div>\n<div><\/div>\n<div><i><b>Concejal Gonz\u00e1lez<\/b><\/i><\/div>\n<\/div>\n<\/div>\n<div><\/div>\n<div>\n<div>Por su parte, el concejal Marcos Gonz\u00e1lez (Partido Justicialista), al hablar en la sesi\u00f3n adhiri\u00f3 a lo expresado por su par Calvi y agreg\u00f3:<\/div>\n<div><\/div>\n<div><\/div>\n<div>\u201cCuando existe humildad por parte de la autor\u00eda de un proyecto para enfrentar las modificaciones y voluntad cordial por parte de quienes tenemos observaciones o sugerencias para mejorar, se pueden lograr estos resultados\u201d.<\/div>\n<div><\/div>\n<div><\/div>\n<div>\u00a0El joven edil celebr\u00f3 y destac\u00f3 \u201cesa actitud en la actividad legislativa y espero que siempre nos encuentre con esa misma posibilidad de modificar y mejorar los proyectos en el proceso del tratamiento y de estudio\u201d.<\/div>\n<div><\/div>\n<div><\/div>\n<div>Puesto a consideraci\u00f3n el proyecto de ordenanza fue aprobado por unanimidad.<\/div>\n<div><\/div>\n<div><\/div>\n<div><b>MOVILIDAD URBANA, SEGURIDAD VIAL Y SE\u00d1AL\u00c9TICA EN LA NUEVA COSTANERA<\/b><\/div>\n<\/div>\n<div><\/div>\n<div>\n<div>El segundo punto del Orden del Dia correspondi\u00f3 al Proyecto de Ordenanza con despacho de comisi\u00f3n sobre \u201cOrdenar de forma integral la movilidad urbana, seguridad vial y sistema de se\u00f1al\u00e9tica en el cuadrante de la nueva costanera de nuestra Ciudad\u201d, y fue a aprobado por mayor\u00eda, y con cambios, luego de que la oposici\u00f3n solicitara su vuelta a Comisi\u00f3n para su \u201crevisi\u00f3n y correcci\u00f3n\u201d.<\/div>\n<div><\/div>\n<div><i><b>Concejal Quiroz<\/b><\/i><\/div>\n<\/div>\n<div><\/div>\n<div>\n<div>Desde el oficialismo, fundament\u00f3 su apoyo al proyecto la concejal Susana Quiroz (UCR-Vamos Corrientes). Dijo que la norma en debate no buscaba solamente ordenar el transito de los veh\u00edculos en la zona de la Costanera sino tambi\u00e9n como va a ser la movilidad de las personas en el nuevo espacio urbano.<\/div>\n<div><\/div>\n<div>\u201cCreo que todos queremos y trabajamos por una ciudad segura, por eso es m\u00e1s eficiente ordenar desde el inicio de la consolidaci\u00f3n de la nueva Costanera y no esperar a que aparezcan congestionamientos por el estacionamiento de veh\u00edculos o conflictos por ah\u00ed que se puede producir con el peat\u00f3n o el vecino mismo. Es importante para esta gesti\u00f3n (municipal) prevenir, proteger y ordenar la zona\u201d, manifest\u00f3.<\/div>\n<div><\/div>\n<div>Sostuvo tambi\u00e9n que la Costanera no es solamente una obra que incorpora espacio urbano. \u201cEs un espacio urbano pensado para ser seguro, ordenando y disfrutable para toda la familia. La costanera se ve ahora hermosa y todos podemos disfrutarla y esa es la idea por eso pido a todos mis pares acompa\u00f1ar este ordenamiento de forma integral\u201d, expres\u00f3 la concejal Quiroz.<\/div>\n<div><\/div>\n<div><i><b>Concejal Gonz\u00e1lez<\/b><\/i><\/div>\n<\/div>\n<div><\/div>\n<div>\n<div>Pidi\u00f3 la palabra el concejal Marcos Gonz\u00e1lez. Y al hablar, solicit\u00f3 al Cuerpo que el proyecto de ordenanza sobre movilidad urbana, seguridad vial y se\u00f1al\u00e9tica en la Costanera vuelva a comisi\u00f3n \u201cpara su revisi\u00f3n y correcci\u00f3n\u201d. \u201cNo se trata de una obstrucci\u00f3n, tampoco de dilatar innecesariamente el tratamiento de una norma que en su esp\u00edritu y finalidad todos compartimos. Se trata, se\u00f1or presidente, de responsabilidad legislativa\u201d, subray\u00f3.<\/div>\n<div><\/div>\n<div>El edil justicialista sostuvo que proyecto \u201ctiene un objeto loable\u201d, que es ordenar una zona que se ha convertido en el coraz\u00f3n tur\u00edstico y recreativo de la ciudad. \u201cTodos hemos visto los fines de semana la congesti\u00f3n, el caos vehicular, el riesgo para los peatones, especialmente para las familias que van a disfrutar de la costanera. Necesitamos una norma que regule esto y la necesitamos ya. Pero necesitamos una norma que sea clara, aplicable, que no genere m\u00e1s problemas de los que pretende resolver\u201d, indic\u00f3.<\/div>\n<div><\/div>\n<div>En ese sentido record\u00f3 que el proyecto pas\u00f3 por dos comisiones y que a la minor\u00eda sorprend\u00eda que a pesar de ello \u201chaya defectos en el proyecto que no se hayan corregido en las comisiones\u201d. \u201cNo son detalles menores, son vicios de fondo que de persistir condenar\u00e1n esta ordenanza al fracaso, a la inaplicabilidad y peor a\u00fan, a la judicializaci\u00f3n\u201d, advirti\u00f3 Gonz\u00e1lez.<\/div>\n<\/div>\n<div><\/div>\n<div>\n<div>As\u00ed, fue enumerando uno a uno los puntos cuestionados e hizo notar que no hab\u00eda \u201cun periodo de adecuaci\u00f3n de la norma\u201d. \u00bfC\u00f3mo vamos a aplicar multas a los vecinos y comerciantes si no les damos tiempo para conocer la norma, para adaptarse, para que el municipio instale la nueva se\u00f1al\u00e9tica? Necesitamos un plazo de gracia de 30 a 60 d\u00edas, por lo menos es elemental, plante\u00f3 Gonzalez.<\/div>\n<div><\/div>\n<div>\u201cNo estamos pidiendo que se deseche el proyecto, estamos pidiendo que se lo trabaje con rigor t\u00e9cnico, que se precise en el art\u00edculo 2 con el plano anexo, que se modere el art\u00edculo 4 con excepciones para frentistas, que se fortalezca el art\u00edculo 11 con un r\u00e9gimen sancionatorio claro y que se agregue el periodo de adecuaci\u00f3n. Este proyecto tiene un enorme potencial para mejorar la calidad de vida de nuestros vecinos y la experiencia de quienes nos visitan. Pero, as\u00ed como est\u00e1 redactado, contiene defectos sustanciales que lo convierten en una norma inaplicable, conflictiva y potencialmente inconstitucional\u201d, sostuvo. Y reitero su pedido que el proyecto vuelva a la Comisi\u00f3n de Legislaci\u00f3n para su tratamiento y correcci\u00f3n.<\/div>\n<div><\/div>\n<div><i><b>Concejal Frattini<\/b><\/i><\/div>\n<\/div>\n<div><\/div>\n<div>\n<div>Desde el bloque oficialista le respondi\u00f3 el concejal Marcelo Frattini. Reconoci\u00f3 que el proyecto hab\u00eda sido tratado por dos comisiones del HCD, la de Transporte y la de Legislaci\u00f3n, y de ambas forma parte.<\/div>\n<div>Se\u00f1alo que el proyecto en debate lo hab\u00eda enviado el Ejecutivo Municipal dado las diversas situaciones que se generaron en el tr\u00e1nsito y dem\u00e1s con la nueva Costanera. Record\u00f3 en ese sentido un video donde se pod\u00eda ver la circulaci\u00f3n de un cami\u00f3n de gran porte por la nueva Costanera y el rechazo que eso g\u00e9nero en la ciudadan\u00eda porque \u201cno se hac\u00eda nada\u201d. Y acot\u00f3: \u201cnecesit\u00e1bamos una regulaci\u00f3n de tr\u00e1nsito y de otras actividades\u201d.<\/div>\n<div><\/div>\n<div>Respecto del per\u00edmetro de la Costanera, que no estar\u00eda claramente delimitado, seg\u00fan la oposici\u00f3n, Frattini sostuvo \u201cestamos hablando del pasaje Wenceslao Fern\u00e1ndez, de la calle Espa\u00f1a, que va por las 12 de Octubre hasta el play\u00f3n. Todos sabemos perfectamente que est\u00e1 perfectamente delimitado y que no habr\u00eda ning\u00fan inconveniente, por lo menos a criterio del que est\u00e1 hablando\u201d, expres\u00f3.<\/div>\n<div><\/div>\n<div>Record\u00f3 la existencia de una ordenanza que ya establec\u00eda que los fines de semana, no se pod\u00eda estacionar y ten\u00eda que ver con que de tal hora a tal hora tambi\u00e9n los d\u00edas entre semanas, porque afectaba la vecindad\u201d. Desde la Secretar\u00eda de Gobierno, a trav\u00e9s de la Direcci\u00f3n de Tr\u00e1nsito, han visitado a todos los vecinos, se les ha consultado personalmente y cada uno de ellos ha manifestado que pretend\u00edan seguir en estas circunstancias, y por eso la Secretar\u00eda ha impulsado esta posici\u00f3n de que se siga sosteniendo esta normativa en ese sentido de la vecindad, porque hac\u00eda al buen descanso\u201d, indic\u00f3 Frattini, aclarando que de lunes a viernes el estacionamiento no est\u00e1 prohibido. Se establecen horarios, que son desde las 19 horas a las 7 de la ma\u00f1ana, y establece que es el fin de semana en donde hay una gran aglomeraci\u00f3n de gente\u201d.<\/div>\n<\/div>\n<div><\/div>\n<div>\n<div>Aclaro tambi\u00e9n que cada vez que se aprueba un ordenanza, el Ejecutivo tiene la facultad de reglamentarla y que all\u00ed se pueden precisar cuestiones que la norma no aclara. Si remarc\u00f3 que la velocidad m\u00e1xima en la zona ser\u00e1 de 20 km\/hora \u201cporque tenemos que cuidar a los que transitan, los que caminan, los que disfrutan, y que el tr\u00e1nsito debe convivir con esto\u201d.<\/div>\n<div>\u201cLo que est\u00e1 haciendo este Concejo Deliberante es simplemente acompa\u00f1ar una decisi\u00f3n del Ejecutivo que fue el que llev\u00f3 adelante el proyecto de reconstruir la Costanera cuando se nos cay\u00f3 y la obra quedo hermosa y queremos ir a pasear, a recorrer y a disfrutar con los hijos o con quien fuera\u201d, pondero Frattini y acot\u00f3 que la ordenanza proh\u00edbe que en el lugar se hagan \u201ccarreras de moto, carreras de bicicleta. Los veh\u00edculos menores no deber\u00e1n transitar por la vereda, los chicos no van a poder hacer \u201cWilly\u201d, como le llamamos com\u00fanmente.<\/div>\n<div><\/div>\n<div>Sin embargo, el concejal del oficialismo admiti\u00f3 que el proyecto no establec\u00eda un plazo para que se ponga en vigencia la ordenanza y que tenga la carteler\u00eda adecuada. Y se manifest\u00f3 de acuerdo, m\u00e1s all\u00e1 de apoyar el despacho de comisiones, que se fije un plazo de 30 o 60 d\u00edas, como se plante\u00f3.<\/div>\n<div><\/div>\n<div>El presidente Sebasti\u00e1n Mazzaro puso entonces primero a consideraci\u00f3n la moci\u00f3n del concejal Gonz\u00e1lez para que el proyecto vuelva a Comisi\u00f3n. Al no reunir la mayor\u00eda de los votos del Cuerpo (necesitaba 8 votos) la moci\u00f3n fue desestimada. Y continu\u00f3 en tratamiento el proyecto.<\/div>\n<div>Fue entonces que el concejal Frattini propuso una modificaci\u00f3n al proyecto estableciendo un plazo de 60 d\u00edas para que comience a regir la citada ordenanza. Esta moci\u00f3n fue aprobada por unanimidad de los presentes.<\/div>\n<div><\/div>\n<div><i><b>Concejal Calvi<\/b><\/i><\/div>\n<\/div>\n<div><\/div>\n<div>\n<div>Pidi\u00f3 entonces la palabra la concejal Valeria Calvi. La edil ponder\u00f3 la obra de la nueva Costanera. \u201cMe honra tener una Costanera importante, tan linda, tan bella\u201d, dijo y subray\u00f3 que la intenci\u00f3n de todos es cuidarla.<\/div>\n<div><\/div>\n<div>Aclar\u00f3 s\u00ed que estaba de acuerdo con el concejal Marcos Gonz\u00e1lez con respecto a las situaciones que plante\u00f3 y consider\u00f3 que las mismas podr\u00e1n ser subsanadas por el Ejecutivo municipal cuando reglamente la ordenanza. \u201cEl Ejecutivo puede ampliar y prever esas situaciones que se han marcado y que yo las reitero. En este caso, creo que si bien los vecinos est\u00e1n de acuerdo como han manifestado, nosotros tenemos que legislar para siempre. Esos vecinos pueden estar hoy, y ma\u00f1ana no, y hay que protegerlos en cuanto al derecho de propiedad que tienen de ingresar o de retirarse de su domicilio, de su propiedad privada cuando lo quieran, sin limitaci\u00f3n\u201d, sostuvo.<\/div>\n<div><\/div>\n<div>Consider\u00f3 que \u201cestamos haciendo una restricci\u00f3n excesiva en el art\u00edculo 4 con respecto a los vecinos. Y adem\u00e1s tambi\u00e9n tenemos que dejar sentada en la reglamentaci\u00f3n de la ordenanza, la excepcionalidad en cuanto al estacionamiento, y a la velocidad que sabemos que tiene un m\u00e1ximo. Pero me gustar\u00eda que se tenga en cuenta que la Polic\u00eda, los Bomberos, las ambulancias est\u00e1n exceptuadas de ese l\u00edmite de velocidad en casos que ameriten la situaci\u00f3n ante determinadas circunstancias\u201d, plante\u00f3 Calvi.<\/div>\n<div><\/div>\n<div>\u201cNo estamos poniendo limitaciones, ni estamos poniendo ning\u00fan tipo de situaci\u00f3n para que no se organice, se ordene, se se\u00f1alice y dem\u00e1s la Costanera, simplemente estamos aportando ideas y puntos de vista para el bien de todos. Ojal\u00e1 que a trav\u00e9s de la reglamentaci\u00f3n oportuna que haga el Ejecutivo y que tiene la posibilidad, pueda revertir esas peque\u00f1as circunstancias y situaciones que hemos planteado ac\u00e1 que quiz\u00e1s sirvan para que la norma sea mejor\u201d, cerr\u00f3 su alocuci\u00f3n la edil.<\/div>\n<div><\/div>\n<div><i><b>Concejal Antonio Mazzaro<\/b><\/i><\/div>\n<\/div>\n<div><\/div>\n<div>\n<div>Tambi\u00e9n el concejal Antonio Mazzaro (ELI) celebr\u00f3 el debate y el intercambio de ideas que se dio en las modificaciones que se plantearon. \u201cTomo algunas palabras de la concejal preopinante que hablaba de la propiedad privada. Nosotros desde esta banca hemos presentado un proyecto de c\u00e1maras de seguridad en la zona Costanera que resulta m\u00e1s que interesante hablar en este momento y en el lugar oportuno porque vendr\u00eda a ser complementario a este proyecto de ordenamiento de movilidad urbana y territorial que estamos hablando.<\/div>\n<div><\/div>\n<div>Ser\u00eda m\u00e1s que interesante poder tratarlo, hablarlo y poder llevarlo adelante, siendo que los vecinos tambi\u00e9n nos han preguntado, nos han cuestionado y nos han consultado sobre este tema\u201d, manifest\u00f3 el edil.<\/div>\n<div>\u201cTony\u201d Mazzaro reiter\u00f3 que le parec\u00eda \u201cinteresante\u201d poder avanzar en el proyecto de instalar c\u00e1maras de seguridad en la Costanera para protecci\u00f3n de vecinos y de la gente que va a disfrutar del paseo costero.<\/div>\n<div><\/div>\n<div>El presidente del HCD puso entonces a consideraci\u00f3n el proyecto que fue aprobado por mayor\u00eda con los votos de la bancada oficialista y la del concejal de ELI, Antonio Mazzaro.<\/div>\n<div><\/div>\n<div><b>ACTO \u201cLUZ DE MALVINAS\u201d DE INTER\u00c9S MUNICIPAL<\/b><\/div>\n<\/div>\n<div><\/div>\n<div>\n<div>El Concejo Deliberante trat\u00f3 despu\u00e9s, el primero de los temas incorporados al Orden del Dia. La declaraci\u00f3n de inter\u00e9s municipal del acto de reconocimiento \u201cLuz de Malvinas\u201d, organizado por la Asociaci\u00f3n Mutual de Maestros de Goya y Biblioteca Popular Domingo Faustino Sarmiento, a realizarse este s\u00e1bado, 15 de agosto, a las 16,30 hs, en la Biblioteca Sarmiento.<\/div>\n<div><\/div>\n<div>En la oportunidad se har\u00e1 un reconocimiento a la profesora e historiadora goyana Sarita M\u00f3nica Antonio, autora del libro \u201cLuz de Malvinas\u201d, as\u00ed como tambi\u00e9n a escritores, historiadores e instituciones de Goya.<\/div>\n<div><\/div>\n<div><b><i>Concejal Merlo<\/i><\/b><\/div>\n<\/div>\n<div><\/div>\n<div>\n<div>La concejal Vivian Merlo (UCR), autora del proyecto junto a su par Emanuel Blanco, en su alocuci\u00f3n dijo que la declaraci\u00f3n de inter\u00e9s responde a un pedido de la historiadora y profesora Sarita M\u00f3nica Antonio, tras haberse cumplido diez a\u00f1os en la publicaci\u00f3n de aquel libro \u201cLuz de Malvinas\u201d, que recopil\u00f3 testimonios de excombatientes de Malvinas\u201d.<\/div>\n<div><\/div>\n<div>Indic\u00f3 que esta oportunidad, junto a la Biblioteca Sarmiento, van a reconocer a diferentes instituciones de nuestra ciudad, como Bomberos Voluntarios, las asociaciones Sanmartinianas y Belgraniana, las Bibliotecas Populares de Goya que trabajan por el bien com\u00fan, as\u00ed como tambi\u00e9n a escritores e historiadores.<\/div>\n<div><\/div>\n<div>\u201cCreo que siempre es bueno transmitirles a las nuevas generaciones todo lo que tenga que ver con Malvinas, porque obviamente hablar de Malvinas es hablar de nuestra identidad, de nuestra memoria\u201d, remarc\u00f3 Merlo. E invit\u00f3 a sus pares este s\u00e1bado, 15 a las 16.30 en la Biblioteca Popular Sarmiento, \u201ca acompa\u00f1ar esta actividad y tambi\u00e9n pedirle ahora el acompa\u00f1amiento de la declaraci\u00f3n de inter\u00e9s\u201d. El proyecto fue aprobado por mayor\u00eda.<\/div>\n<div><\/div>\n<div><b>XXII PINTEMOS GOYA<\/b><\/div>\n<\/div>\n<div><\/div>\n<div>\n<div>El \u00faltimo proyecto incorporado, tratado y aprobado sobre tablas, tambi\u00e9n por mayor\u00eda de los presentes, fue el que declaro de inter\u00e9s Municipal el XXII Concurso Nacional Paisajista de Manchas, \u201cPintemos Goya\u201d, a realizarse los d\u00edas 14, 15 y 16 de agosto 2026.<\/div>\n<div><\/div>\n<div><i><b>Concejal Quiroz<\/b><\/i><\/div>\n<\/div>\n<div><\/div>\n<div>\n<div>La concejal Susana Quiroz, fue quien argument\u00f3 a favor del proyecto. La edil, autora de la iniciativa, pidi\u00f3 a sus que acompa\u00f1en este fin de semana la presencia de artistas pl\u00e1sticos de distintos puntos del pa\u00eds y turistas que se dar\u00e1n cita en nuestra ciudad para participar del concurso de pintura al aire libre \u201cPintemos Goya\u201d.<\/div>\n<div><\/div>\n<div>\u201cYa hay m\u00e1s de 100 inscriptos en este 22\u00b0 Pitemos Goya que es importante para nuestra ciudad. La verdad que vamos a estar vi\u00e9ndolos pintar en todos los lugares emblem\u00e1ticos de nuestra ciudad, como plazas, paseos y principalmente en la Costanera\u201d, dijo la edil.<\/div>\n<div><\/div>\n<div>Y acot\u00f3: \u201cLa verdad que es muy importante para la cultura, para el turismo de nuestra ciudad.<\/div>\n<div><\/div>\n<div>As\u00ed que quisiera que nos acompa\u00f1en. Empieza este viernes 14, 15 y el domingo 16 va a ser la entrega de premios\u201d, invit\u00f3 la concejal Quiroz.<\/div>\n<div><\/div>\n<div><b>LIBRE USO DE LA PALABRA<\/b><\/div>\n<div><\/div>\n<div>Tras haberse analizado los temas que conformaron el Orden de D\u00eda y los incorporados, el Vice Intendente y presidente del HCD, Sebasti\u00e1n Mazzaro, invit\u00f3 a los ediles a expresarse en el Libre Uso de la Palabra.<\/div>\n<div><\/div>\n<div><b><i>Concejal Gonz\u00e1lez<\/i><\/b><\/div>\n<\/div>\n<div>\n<div>El primero en hacer uso de ese derecho fue el concejal Marcos Gonz\u00e1lez.<\/div>\n<div><\/div>\n<div>El edil del PJ hizo p\u00fablico su saludo \u201ca los trabajadores de la televisi\u00f3n por su d\u00eda.<\/div>\n<div><\/div>\n<div>Est\u00e1 Francisco Eugenio ac\u00e1 (Rol\u00f3n Soto, el hist\u00f3rico camar\u00f3grafo) que nos acompa\u00f1a siempre\u201d, resalt\u00f3<\/div>\n<\/div>\n<div><\/div>\n<div><i><b>Concejal Ferrero<\/b><\/i><\/div>\n<div><\/div>\n<div>\n<div>Despu\u00e9s, el concejal Oscar Ferrero se refiri\u00f3 a lo sucedido en Goya, este martes, con respecto a las inscripciones de equipos para participar del Concurso de Pesca de la Fiesta Nacional del Surub\u00ed en 2027.<\/div>\n<div>Expres\u00f3 que en tan solo dos horas \u201cse inscribieron los 1.400 equipos que estaban previstos inscribirse\u201d. Y que haci\u00e9ndose eco del pedido de diferentes barras pesqueras que se reunieron ayer en Costa Surub\u00ed, que hab\u00edan solicitado a la COMUPE y al Secretario de Turismo concretar una reuni\u00f3n entre las distintas partes, para tratar de encontrarle en conjunto \u201cuna soluci\u00f3n a los m\u00e1s de 200 equipos de Goya que quedaron fuera de la inscripci\u00f3n por un mal funcionamiento del sistema espec\u00edficamente\u201d, el se sumaba a dicha solicitud.<\/div>\n<div><\/div>\n<div><\/div>\n<div>\u201cTeniendo en cuenta que la Fiesta (del Surub\u00ed) es de los goyanos, pura y exclusivamente de los goyanos, no deber\u00eda quedar ning\u00fan goyano afuera. Por eso es que he pedido la palabra para dirigirme a la COMUPE y a la Secretar\u00eda de Turismo para pedirles puedan otorgarles una reuni\u00f3n a las diferentes barras pesqueras de nuestra ciudad para encontrar en conjunto una soluci\u00f3n al problema y que no quede ning\u00fan gooyano fuera de nuestra Fiesta Mayor, teniendo en cuenta que son los 50 a\u00f1os y que es la expectativa m\u00e1s grande de poder participar\u201d, dijo y mencion\u00f3 su inter\u00e9s incluso de poder hacerlo junto a su hijo \u201cas\u00ed como muchos goyanos participan con su familia, las mujeres participan tambi\u00e9n, los chicos menores tambi\u00e9n porque hay la posibilidad y que sea una Fiesta para los goyanos y que no quede tanta gente de nuestra ciudad afuera\u201d.<\/div>\n<\/div>\n<div><\/div>\n<div>\n<div>\u201cSe que hay muchos pescadores for\u00e1neos que participan, y que tambi\u00e9n hay pescadores for\u00e1neos que quedaron fuera de la inscripci\u00f3n por el mismo problema. Pero mi pedido a la COMUPE y a la Secretar\u00eda de Turismo -reiter\u00f3- es que puedan concretar esta reuni\u00f3n y que podamos tener la mejor de todas las fiestas nacionales del Surub\u00ed, que es lo que queremos y que no quede ning\u00fan goyano afuera, no ser\u00eda justo, y que podamos disfrutarla todos\u201d, augur\u00f3 el concejal Ferrero.<\/div>\n<div><\/div>\n<div><b><i>Concejal Calvi<\/i><\/b><\/div>\n<\/div>\n<div><\/div>\n<div>\n<div>La concejal Calvi se adhiri\u00f3 a lo expresado por su par Ferrero y solicit\u00f3 \u201cque se pueda solucionar esa problem\u00e1tica\u201d que dijo vio por televisi\u00f3n, a distintas barras pesqueras, bajo la llovizna, en el predio Costa Surub\u00ed, peticionando.<\/div>\n<div><\/div>\n<div>\u201cEspero que los pescadores goyanos que somos los anfitriones de esta Fiesta y que son pescadores adem\u00e1s de much\u00edsimos a\u00f1os que aportan a la Fiesta, puedan solucionar esta problem\u00e1tica, que se le encuentre una soluci\u00f3n, que todos puedan participar\u201d, pidi\u00f3 Calvi y sembr\u00f3 una luz de esperanza al decir \u201cseguramente as\u00ed ser\u00e1.<\/div>\n<div><\/div>\n<div>Estoy segura de ello y espero que todos los pescadores goyanos puedan estar el a\u00f1o que viene, adem\u00e1s de la fecha especial que son los 50 a\u00f1os de nuestra FNS\u201d.<\/div>\n<div><\/div>\n<div><b>Concejal<\/b><i><b> Fern\u00e1ndez<\/b><\/i><\/div>\n<\/div>\n<div><\/div>\n<div>\n<div>Por su parte, la concejal Eladia Fern\u00e1ndez expres\u00f3 sus mejores augurios a todos integrantes de la Feria Franca que est\u00e1n cumpliendo un nuevo aniversario. \u201cUn saludo muy especial a toda esa gente trabajadora, a cada uno de sus presidentes y presidentas que han pasado sosteniendo esa organizaci\u00f3n y un saludo muy afectuoso, muy especial y que tengan muchos a\u00f1os m\u00e1s de vida\u201d, cerr\u00f3 Fern\u00e1ndez quien tambi\u00e9n se desempe\u00f1\u00f3 como presidente de la entidad a\u00f1os atr\u00e1s.<\/div>\n<div><\/div>\n<div>Ya en el final el Vice Intendente expres\u00f3 \u201cel mismo deseo (de que se puedan reunir barras pesqueras y la Comisi\u00f3n de la Fiesta del Surub\u00ed). \u201cCreo que la COMUPE debe estar buscando alg\u00fan tipo de soluci\u00f3n al respecto. Ojal\u00e1 se encuentre en conjunto\u201d, dese\u00f3 el Presidente del HCD, Sebasti\u00e1n Mazzaro, tras lo cual y no habiendo m\u00e1s concejales para el uso de la palabra, dio por finalizada la sesi\u00f3n de este mi\u00e9rcoles 12 de agosto.<\/div>\n<\/div>\n<div><\/div>\n<div><\/div>\n","protected":false},"excerpt":{"rendered":"<p>El Cuerpo Legislativo, en la sesi\u00f3n de este mi\u00e9rcoles, creo el \u201cRegistro Municipal de prestadores de servicio de transporte privado de pasajeros mediante el uso de plataformas virtuales\u201d (similar Uber) y sancion\u00f3 una Ordenanza espec\u00edfica referida al ordenamiento urbano, la planificaci\u00f3n del espacio p\u00fablico y seguridad ciudadana, de aplicaci\u00f3n en la zona delimitada por la [&hellip;]<\/p>\n","protected":false},"author":2,"featured_media":12072,"comment_status":"open","ping_status":"open","sticky":false,"template":"","format":"standard","meta":{"footnotes":""},"categories":[77],"tags":[],"class_list":["post-12071","post","type-post","status-publish","format-standard","has-post-thumbnail","category-local"],"_links":{"self":[{"href":"https:\/\/radiokissnoticias.com.ar\/web\/wp-json\/wp\/v2\/posts\/12071","targetHints":{"allow":["GET"]}}],"collection":[{"href":"https:\/\/radiokissnoticias.com.ar\/web\/wp-json\/wp\/v2\/posts"}],"about":[{"href":"https:\/\/radiokissnoticias.com.ar\/web\/wp-json\/wp\/v2\/types\/post"}],"author":[{"embeddable":true,"href":"https:\/\/radiokissnoticias.com.ar\/web\/wp-json\/wp\/v2\/users\/2"}],"replies":[{"embeddable":true,"href":"https:\/\/radiokissnoticias.com.ar\/web\/wp-json\/wp\/v2\/comments?post=12071"}],"version-history":[{"count":1,"href":"https:\/\/radiokissnoticias.com.ar\/web\/wp-json\/wp\/v2\/posts\/12071\/revisions"}],"predecessor-version":[{"id":12073,"href":"https:\/\/radiokissnoticias.com.ar\/web\/wp-json\/wp\/v2\/posts\/12071\/revisions\/12073"}],"wp:featuredmedia":[{"embeddable":true,"href":"https:\/\/radiokissnoticias.com.ar\/web\/wp-json\/wp\/v2\/media\/12072"}],"wp:attachment":[{"href":"https:\/\/radiokissnoticias.com.ar\/web\/wp-json\/wp\/v2\/media?parent=12071"}],"wp:term":[{"taxonomy":"category","embeddable":true,"href":"https:\/\/radiokissnoticias.com.ar\/web\/wp-json\/wp\/v2\/categories?post=12071"},{"taxonomy":"post_tag","embeddable":true,"href":"https:\/\/radiokissnoticias.com.ar\/web\/wp-json\/wp\/v2\/tags?post=12071"}],"curies":[{"name":"wp","href":"https:\/\/api.w.org\/{rel}","templated":true}]}}