{"id":12068,"date":"2026-08-12T19:39:00","date_gmt":"2026-08-12T22:39:00","guid":{"rendered":"https:\/\/radiokissnoticias.com.ar\/web\/?p=12068"},"modified":"2026-08-12T19:39:00","modified_gmt":"2026-08-12T22:39:00","slug":"karina-milei-y-mauricio-macri-hablaron-para-avanzar-con-un-acuerdo-entre-los-libertarios-y-pro","status":"publish","type":"post","link":"https:\/\/radiokissnoticias.com.ar\/web\/2026\/08\/12\/karina-milei-y-mauricio-macri-hablaron-para-avanzar-con-un-acuerdo-entre-los-libertarios-y-pro\/","title":{"rendered":"Karina Milei y Mauricio Macri hablaron para avanzar con un acuerdo entre los libertarios y Pro"},"content":{"rendered":"<p>Ser\u00e1 en la Casa Rosada, luego de las diferencias que hab\u00edan distanciado al expresidente con Javier Milei<\/p>\n<p>El expresidente hab\u00eda expresado p\u00fablicamente su descontento cuando Manuel Adorni fue nombrado jefe de Gabinete. Desde entonces hab\u00eda tomado distancia con el Gobierno. Adorni debi\u00f3 dejar el cargo a fines de junio, como consecuencia de la investigaci\u00f3n por presunto enriquecimiento il\u00edcito.<\/p>\n<p>En la conversaci\u00f3n entre Karina Milei y Macri se habl\u00f3 de sintonizar la agenda parlamentaria, seg\u00fan expresaron fuentes oficiales.<\/p>\n","protected":false},"excerpt":{"rendered":"<p>Ser\u00e1 en la Casa Rosada, luego de las diferencias que hab\u00edan distanciado al expresidente con Javier Milei El expresidente hab\u00eda expresado p\u00fablicamente su descontento cuando Manuel Adorni fue nombrado jefe de Gabinete. Desde entonces hab\u00eda tomado distancia con el Gobierno. Adorni debi\u00f3 dejar el cargo a fines de junio, como consecuencia de la investigaci\u00f3n por [&hellip;]<\/p>\n","protected":false},"author":2,"featured_media":12069,"comment_status":"open","ping_status":"open","sticky":false,"template":"","format":"standard","meta":{"footnotes":""},"categories":[81],"tags":[],"class_list":["post-12068","post","type-post","status-publish","format-standard","has-post-thumbnail","category-politica"],"_links":{"self":[{"href":"https:\/\/radiokissnoticias.com.ar\/web\/wp-json\/wp\/v2\/posts\/12068","targetHints":{"allow":["GET"]}}],"collection":[{"href":"https:\/\/radiokissnoticias.com.ar\/web\/wp-json\/wp\/v2\/posts"}],"about":[{"href":"https:\/\/radiokissnoticias.com.ar\/web\/wp-json\/wp\/v2\/types\/post"}],"author":[{"embeddable":true,"href":"https:\/\/radiokissnoticias.com.ar\/web\/wp-json\/wp\/v2\/users\/2"}],"replies":[{"embeddable":true,"href":"https:\/\/radiokissnoticias.com.ar\/web\/wp-json\/wp\/v2\/comments?post=12068"}],"version-history":[{"count":1,"href":"https:\/\/radiokissnoticias.com.ar\/web\/wp-json\/wp\/v2\/posts\/12068\/revisions"}],"predecessor-version":[{"id":12070,"href":"https:\/\/radiokissnoticias.com.ar\/web\/wp-json\/wp\/v2\/posts\/12068\/revisions\/12070"}],"wp:featuredmedia":[{"embeddable":true,"href":"https:\/\/radiokissnoticias.com.ar\/web\/wp-json\/wp\/v2\/media\/12069"}],"wp:attachment":[{"href":"https:\/\/radiokissnoticias.com.ar\/web\/wp-json\/wp\/v2\/media?parent=12068"}],"wp:term":[{"taxonomy":"category","embeddable":true,"href":"https:\/\/radiokissnoticias.com.ar\/web\/wp-json\/wp\/v2\/categories?post=12068"},{"taxonomy":"post_tag","embeddable":true,"href":"https:\/\/radiokissnoticias.com.ar\/web\/wp-json\/wp\/v2\/tags?post=12068"}],"curies":[{"name":"wp","href":"https:\/\/api.w.org\/{rel}","templated":true}]}}