{"id":12059,"date":"2026-08-12T19:31:21","date_gmt":"2026-08-12T22:31:21","guid":{"rendered":"https:\/\/radiokissnoticias.com.ar\/web\/?p=12059"},"modified":"2026-08-12T19:31:21","modified_gmt":"2026-08-12T22:31:21","slug":"fuerza-capitan-el-mensaje-de-apoyo-de-milei-a-messi-tras-la-carta-por-la-muerte-de-su-padre","status":"publish","type":"post","link":"https:\/\/radiokissnoticias.com.ar\/web\/2026\/08\/12\/fuerza-capitan-el-mensaje-de-apoyo-de-milei-a-messi-tras-la-carta-por-la-muerte-de-su-padre\/","title":{"rendered":"\u201c\u00a1Fuerza Capit\u00e1n!\u201d: el mensaje de apoyo de Milei a Messi tras la carta por la muerte de su padre"},"content":{"rendered":"<p>Se dirigi\u00f3 al 10 de la Selecci\u00f3n mediante sus redes sociales luego de que el futbolista compartiera una misiva en la que abri\u00f3 su coraz\u00f3n tras el fallecimiento de Jorge Messi.<\/p>\n<p>El presidente Javier Milei le dedic\u00f3 este mi\u00e9rcoles un mensaje a Lionel Messi tras la conmovedora carta que el futbolista comparti\u00f3 en redes sociales sobre la muerte de su padre.<\/p>\n<p>&#8220;\u00a1Fuerza Capit\u00e1n! escribi\u00f3 el mandatario en letra may\u00fascula con los colores celeste y blanco de la bandera argentina, y con signos de exclamaci\u00f3n.<\/p>\n<p>Luego le agradeci\u00f3 por todas las satisfacciones que les dio a todos los argentinos al llevar la diez de la Selecci\u00f3n campeona en Qatar y subcampeona en los Estados Unidos. &#8220;Gracias por la alegr\u00eda y el orgullo que tanto como a tu pap\u00e1, nos diste a todos los argentinos&#8221;.<\/p>\n<p>Para cerrar, le expres\u00f3 su apoyo en el rumbo que elija de ahora en adelante: &#8220;Hoy te abrazamos y acompa\u00f1amos en el camino que elijas seguir&#8221;.<\/p>\n<p>La carta de Messi a su pap\u00e1<\/p>\n<p>En la sentida carta que el astro del f\u00fatbol comparti\u00f3 en Instagram, dirgida a su padre Jorge Messi fallecido el s\u00e1bado \u00faltimo, confes\u00f3: &#8220;Se me hace muy dif\u00edcil imaginarme que ya no te voy a ver m\u00e1s, que no vamos a hablar m\u00e1s&#8221;.<\/p>\n<p>Y expres\u00f3: &#8220;Se que estabas sufriendo y que es lo mejor, pero te fuiste muy pronto. Todav\u00eda nos quedaba mucho por disfrutar juntos&#8221;.<\/p>\n<p>&#8220;No s\u00e9 qu\u00e9 voy a hacer sin vos, no se c\u00f3mo voy a seguir&#8221;, manifest\u00f3 y cerr\u00f3 con un pedido a su pap\u00e1: &#8220;Cuid\u00e1nos desde arriba como lo hac\u00edas ac\u00e1&#8221;.<\/p>\n","protected":false},"excerpt":{"rendered":"<p>Se dirigi\u00f3 al 10 de la Selecci\u00f3n mediante sus redes sociales luego de que el futbolista compartiera una misiva en la que abri\u00f3 su coraz\u00f3n tras el fallecimiento de Jorge Messi. El presidente Javier Milei le dedic\u00f3 este mi\u00e9rcoles un mensaje a Lionel Messi tras la conmovedora carta que el futbolista comparti\u00f3 en redes sociales [&hellip;]<\/p>\n","protected":false},"author":2,"featured_media":12060,"comment_status":"open","ping_status":"open","sticky":false,"template":"","format":"standard","meta":{"footnotes":""},"categories":[78],"tags":[],"class_list":["post-12059","post","type-post","status-publish","format-standard","has-post-thumbnail","category-nacional"],"_links":{"self":[{"href":"https:\/\/radiokissnoticias.com.ar\/web\/wp-json\/wp\/v2\/posts\/12059","targetHints":{"allow":["GET"]}}],"collection":[{"href":"https:\/\/radiokissnoticias.com.ar\/web\/wp-json\/wp\/v2\/posts"}],"about":[{"href":"https:\/\/radiokissnoticias.com.ar\/web\/wp-json\/wp\/v2\/types\/post"}],"author":[{"embeddable":true,"href":"https:\/\/radiokissnoticias.com.ar\/web\/wp-json\/wp\/v2\/users\/2"}],"replies":[{"embeddable":true,"href":"https:\/\/radiokissnoticias.com.ar\/web\/wp-json\/wp\/v2\/comments?post=12059"}],"version-history":[{"count":1,"href":"https:\/\/radiokissnoticias.com.ar\/web\/wp-json\/wp\/v2\/posts\/12059\/revisions"}],"predecessor-version":[{"id":12061,"href":"https:\/\/radiokissnoticias.com.ar\/web\/wp-json\/wp\/v2\/posts\/12059\/revisions\/12061"}],"wp:featuredmedia":[{"embeddable":true,"href":"https:\/\/radiokissnoticias.com.ar\/web\/wp-json\/wp\/v2\/media\/12060"}],"wp:attachment":[{"href":"https:\/\/radiokissnoticias.com.ar\/web\/wp-json\/wp\/v2\/media?parent=12059"}],"wp:term":[{"taxonomy":"category","embeddable":true,"href":"https:\/\/radiokissnoticias.com.ar\/web\/wp-json\/wp\/v2\/categories?post=12059"},{"taxonomy":"post_tag","embeddable":true,"href":"https:\/\/radiokissnoticias.com.ar\/web\/wp-json\/wp\/v2\/tags?post=12059"}],"curies":[{"name":"wp","href":"https:\/\/api.w.org\/{rel}","templated":true}]}}