{"id":12044,"date":"2026-08-12T12:53:18","date_gmt":"2026-08-12T15:53:18","guid":{"rendered":"https:\/\/radiokissnoticias.com.ar\/web\/?p=12044"},"modified":"2026-08-12T12:53:18","modified_gmt":"2026-08-12T15:53:18","slug":"mburucuya-el-concejo-deliberante-lleva-ocho-meses-sin-sesionar","status":"publish","type":"post","link":"https:\/\/radiokissnoticias.com.ar\/web\/2026\/08\/12\/mburucuya-el-concejo-deliberante-lleva-ocho-meses-sin-sesionar\/","title":{"rendered":"Mburucuy\u00e1: el Concejo Deliberante lleva ocho meses sin sesionar"},"content":{"rendered":"<p>La situaci\u00f3n se origin\u00f3 tras la falta de asunci\u00f3n de Pablo \u201cKelo\u201d Guastavino como concejal y la posterior renuncia a su banca. El oficialismo tiene tres ediles y la oposici\u00f3n cuatro, pero la falta de qu\u00f3rum mantiene paralizado al cuerpo legislativo de la localidad de Mburucuy\u00e1.<\/p>\n<p>El Concejo Deliberante de Mburucuy\u00e1 permanece sin sesionar desde el 10 de diciembre, cuando deb\u00eda asumir la nueva composici\u00f3n del cuerpo tras el inicio de la gesti\u00f3n del intendente Edgar Galarza Florent\u00edn. La situaci\u00f3n gener\u00f3 un bloqueo institucional que se mantiene hasta la actualidad.<\/p>\n<p>De acuerdo con informaci\u00f3n aportada por el periodista local Leandro Chamorro, desde el 1 de marzo debieron realizarse 22 sesiones ordinarias, adem\u00e1s de dos extraordinarias convocadas durante enero y febrero. Sin embargo, la falta de qu\u00f3rum impidi\u00f3 el funcionamiento regular del Concejo.<\/p>\n<p>El conflicto tiene como eje la situaci\u00f3n del ex intendente Pablo \u201cKelo\u201d Guastavino, quien hab\u00eda sido electo concejal y present\u00f3 la documentaci\u00f3n correspondiente durante la sesi\u00f3n preparatoria. Sus pliegos fueron aprobados, pero finalmente no asumi\u00f3 formalmente la banca.<\/p>\n<p>Guastavino present\u00f3 su renuncia al cargo reci\u00e9n el 4 de marzo. A partir de esa dimisi\u00f3n, el oficialismo plante\u00f3 la necesidad de convocar al concejal que contin\u00faa en el orden de la lista, Cristian Escalante, pero el tr\u00e1mite debe ser tratado y aprobado por el propio Concejo Deliberante.<\/p>\n<p>La situaci\u00f3n deriv\u00f3 en una disputa sobre la interpretaci\u00f3n de la Ley Org\u00e1nica Municipal y del reglamento interno del cuerpo. Mientras no se resuelvan la renuncia y la incorporaci\u00f3n del nuevo concejal, tampoco pudieron conformarse las comisiones necesarias para el funcionamiento legislativo.<\/p>\n<p>Actualmente, el Concejo est\u00e1 integrado de manera formal por siete bancas. El oficialismo cuenta con tres concejales y la oposici\u00f3n con cuatro. Sin embargo, seg\u00fan explic\u00f3 Chamorro, la ausencia de los ediles opositores en las convocatorias impide reunir el qu\u00f3rum necesario para sesionar.<\/p>\n<p>Desde el oficialismo sostienen que no corresponde continuar convocando sesiones especiales y que los distintos proyectos pendientes deben incorporarse al orden del d\u00eda de las sesiones ordinarias cuando pueda retomarse la actividad legislativa.<\/p>\n<p>Entre los temas que esperan tratamiento se encuentra un proyecto de emergencia econ\u00f3mica impulsado por la nueva gesti\u00f3n. Seg\u00fan el oficialismo, la iniciativa permitir\u00eda avanzar institucionalmente con investigaciones vinculadas a presuntas irregularidades detectadas durante la administraci\u00f3n del propio Guastavino.<\/p>\n<p>Uno de los cuestionamientos mencionados est\u00e1 relacionado con un incremento de los impuestos municipales. Seg\u00fan se\u00f1al\u00f3 Chamorro, se trata de una de las cuestiones que mayor preocupaci\u00f3n genera entre los vecinos y que actualmente es analizada por la asesor\u00eda legal municipal.<\/p>\n<p>El conflicto tambi\u00e9n alcanza la conformaci\u00f3n de las comisiones del Concejo. Para tratar la renuncia de Guastavino y los pliegos del concejal que deber\u00eda reemplazarlo, primero debe intervenir la Comisi\u00f3n de Poderes, pero actualmente el cuerpo no tiene sus comisiones constituidas.<\/p>\n<p>Adem\u00e1s, entre los proyectos pendientes se encuentran iniciativas vinculadas con la organizaci\u00f3n de la mesa directiva y la conformaci\u00f3n de las distintas comisiones de trabajo.<\/p>\n<p>En las \u00faltimas horas, Cristian Escalante se habr\u00eda presentado acompa\u00f1ado por el abogado Nicol\u00e1s Podest\u00e1, con el objetivo de avanzar en una alternativa que permita destrabar su incorporaci\u00f3n al Concejo. Seg\u00fan trascendi\u00f3, uno de los planteos estar\u00eda relacionado con las condiciones bajo las cuales deber\u00eda retomarse el tratamiento de los asuntos pendientes.<\/p>\n","protected":false},"excerpt":{"rendered":"<p>La situaci\u00f3n se origin\u00f3 tras la falta de asunci\u00f3n de Pablo \u201cKelo\u201d Guastavino como concejal y la posterior renuncia a su banca. El oficialismo tiene tres ediles y la oposici\u00f3n cuatro, pero la falta de qu\u00f3rum mantiene paralizado al cuerpo legislativo de la localidad de Mburucuy\u00e1. El Concejo Deliberante de Mburucuy\u00e1 permanece sin sesionar desde [&hellip;]<\/p>\n","protected":false},"author":2,"featured_media":12045,"comment_status":"open","ping_status":"open","sticky":false,"template":"","format":"standard","meta":{"footnotes":""},"categories":[79],"tags":[],"class_list":["post-12044","post","type-post","status-publish","format-standard","has-post-thumbnail","category-provincia"],"_links":{"self":[{"href":"https:\/\/radiokissnoticias.com.ar\/web\/wp-json\/wp\/v2\/posts\/12044","targetHints":{"allow":["GET"]}}],"collection":[{"href":"https:\/\/radiokissnoticias.com.ar\/web\/wp-json\/wp\/v2\/posts"}],"about":[{"href":"https:\/\/radiokissnoticias.com.ar\/web\/wp-json\/wp\/v2\/types\/post"}],"author":[{"embeddable":true,"href":"https:\/\/radiokissnoticias.com.ar\/web\/wp-json\/wp\/v2\/users\/2"}],"replies":[{"embeddable":true,"href":"https:\/\/radiokissnoticias.com.ar\/web\/wp-json\/wp\/v2\/comments?post=12044"}],"version-history":[{"count":1,"href":"https:\/\/radiokissnoticias.com.ar\/web\/wp-json\/wp\/v2\/posts\/12044\/revisions"}],"predecessor-version":[{"id":12046,"href":"https:\/\/radiokissnoticias.com.ar\/web\/wp-json\/wp\/v2\/posts\/12044\/revisions\/12046"}],"wp:featuredmedia":[{"embeddable":true,"href":"https:\/\/radiokissnoticias.com.ar\/web\/wp-json\/wp\/v2\/media\/12045"}],"wp:attachment":[{"href":"https:\/\/radiokissnoticias.com.ar\/web\/wp-json\/wp\/v2\/media?parent=12044"}],"wp:term":[{"taxonomy":"category","embeddable":true,"href":"https:\/\/radiokissnoticias.com.ar\/web\/wp-json\/wp\/v2\/categories?post=12044"},{"taxonomy":"post_tag","embeddable":true,"href":"https:\/\/radiokissnoticias.com.ar\/web\/wp-json\/wp\/v2\/tags?post=12044"}],"curies":[{"name":"wp","href":"https:\/\/api.w.org\/{rel}","templated":true}]}}