{"id":12016,"date":"2026-08-12T12:11:10","date_gmt":"2026-08-12T15:11:10","guid":{"rendered":"https:\/\/radiokissnoticias.com.ar\/web\/?p=12016"},"modified":"2026-08-12T12:11:10","modified_gmt":"2026-08-12T15:11:10","slug":"funcionaria-revelo-como-maciel-bloqueo-la-ayuda-federal-en-la-busqueda-de-loan","status":"publish","type":"post","link":"https:\/\/radiokissnoticias.com.ar\/web\/2026\/08\/12\/funcionaria-revelo-como-maciel-bloqueo-la-ayuda-federal-en-la-busqueda-de-loan\/","title":{"rendered":"Funcionaria revel\u00f3 c\u00f3mo Maciel bloque\u00f3 la ayuda federal en la b\u00fasqueda de Loan"},"content":{"rendered":"<p>Mar\u00eda Leticia Risco, ex coordinadora del Sistema Federal de B\u00fasqueda de Personas Desaparecidas y Extraviadas (Sifebu), declar\u00f3 este martes en la decimoquinta audiencia del juicio por la desaparici\u00f3n de Loan Danilo Pe\u00f1a y apunt\u00f3 directamente contra el ex comisario Walter Maciel: cuando lleg\u00f3 con su equipo para colaborar en la b\u00fasqueda, Maciel les cerr\u00f3 las puertas sistem\u00e1ticamente.<\/p>\n<p><b>\u00abNo nos dieron acceso\u00bb<\/b><\/p>\n<p>Risco relat\u00f3 que apenas llegaron a la zona se presentaron ante Maciel y le explicaron que ten\u00edan experiencia en casos similares y recursos federales disponibles para colaborar. La respuesta fue negativa. \u00abLe aseguramos el respeto por la investigaci\u00f3n local y que quer\u00edamos ayudar con recursos federales, pero no nos dieron acceso\u00bb, declar\u00f3. \u00abNos dijeron que no necesitaban recursos, que estaban trabajando muy bien\u00bb, agreg\u00f3.<\/p>\n<p>La negativa no fue solo de Maciel. Risco dijo que la misma respuesta se repiti\u00f3 en conversaciones con otros responsables policiales, incluyendo a Roque Nicol\u00e1s B\u00e1ez, ex jefe de la Unidad Regional II de Goya.<\/p>\n<p><b>Sin coordinaci\u00f3n y sin tareas<\/b><\/p>\n<p>La descripci\u00f3n que hizo Risco de la b\u00fasqueda en esos primeros d\u00edas es contundente: \u00abHab\u00eda much\u00edsimas personas en el lugar, sin coordinaci\u00f3n, y las fuerzas federales estaban sin tareas\u00bb. Ante esa situaci\u00f3n, se comunic\u00f3 con el fiscal Juan Carlos Castillo y le dijo que no ten\u00eda sentido seguir en el lugar porque no pod\u00edan prestar apoyo. Fue entonces cuando el fiscal le pidi\u00f3 que colaboraran con el armado de los rastrillajes.<\/p>\n<p>Sobre la actitud de Maciel durante todo ese tiempo, Risco fue precisa: \u00abEra muy reticente, no se lo notaba contento\u00bb. Eso la llev\u00f3 a una conclusi\u00f3n que expuso ante el tribunal sin rodeos: \u00abNuestra percepci\u00f3n era que molest\u00e1bamos\u00bb.<\/p>\n<p><b>El bot\u00edn y las respuestas evasivas<\/b><\/p>\n<p>Risco tambi\u00e9n relat\u00f3 que cuando le preguntaron a Maciel por el bot\u00edn encontrado, este les mostr\u00f3 fotos \u00abde muy mala manera\u00bb. Y cuando intentaron saber qui\u00e9nes hab\u00edan estado en el lugar de la desaparici\u00f3n, \u00abtodas eran respuestas evasivas\u00bb.<\/p>\n<p>Tras la activaci\u00f3n de la Alerta Sof\u00eda, el organismo recibi\u00f3 alrededor de 1.100 denuncias vinculadas con posibles datos sobre el paradero de Loan.<\/p>\n","protected":false},"excerpt":{"rendered":"<p>Mar\u00eda Leticia Risco, ex coordinadora del Sistema Federal de B\u00fasqueda de Personas Desaparecidas y Extraviadas (Sifebu), declar\u00f3 este martes en la decimoquinta audiencia del juicio por la desaparici\u00f3n de Loan Danilo Pe\u00f1a y apunt\u00f3 directamente contra el ex comisario Walter Maciel: cuando lleg\u00f3 con su equipo para colaborar en la b\u00fasqueda, Maciel les cerr\u00f3 las [&hellip;]<\/p>\n","protected":false},"author":2,"featured_media":12017,"comment_status":"open","ping_status":"open","sticky":false,"template":"","format":"standard","meta":{"footnotes":""},"categories":[82],"tags":[],"class_list":["post-12016","post","type-post","status-publish","format-standard","has-post-thumbnail","category-policiales"],"_links":{"self":[{"href":"https:\/\/radiokissnoticias.com.ar\/web\/wp-json\/wp\/v2\/posts\/12016","targetHints":{"allow":["GET"]}}],"collection":[{"href":"https:\/\/radiokissnoticias.com.ar\/web\/wp-json\/wp\/v2\/posts"}],"about":[{"href":"https:\/\/radiokissnoticias.com.ar\/web\/wp-json\/wp\/v2\/types\/post"}],"author":[{"embeddable":true,"href":"https:\/\/radiokissnoticias.com.ar\/web\/wp-json\/wp\/v2\/users\/2"}],"replies":[{"embeddable":true,"href":"https:\/\/radiokissnoticias.com.ar\/web\/wp-json\/wp\/v2\/comments?post=12016"}],"version-history":[{"count":1,"href":"https:\/\/radiokissnoticias.com.ar\/web\/wp-json\/wp\/v2\/posts\/12016\/revisions"}],"predecessor-version":[{"id":12018,"href":"https:\/\/radiokissnoticias.com.ar\/web\/wp-json\/wp\/v2\/posts\/12016\/revisions\/12018"}],"wp:featuredmedia":[{"embeddable":true,"href":"https:\/\/radiokissnoticias.com.ar\/web\/wp-json\/wp\/v2\/media\/12017"}],"wp:attachment":[{"href":"https:\/\/radiokissnoticias.com.ar\/web\/wp-json\/wp\/v2\/media?parent=12016"}],"wp:term":[{"taxonomy":"category","embeddable":true,"href":"https:\/\/radiokissnoticias.com.ar\/web\/wp-json\/wp\/v2\/categories?post=12016"},{"taxonomy":"post_tag","embeddable":true,"href":"https:\/\/radiokissnoticias.com.ar\/web\/wp-json\/wp\/v2\/tags?post=12016"}],"curies":[{"name":"wp","href":"https:\/\/api.w.org\/{rel}","templated":true}]}}