{"id":12002,"date":"2026-08-12T12:01:09","date_gmt":"2026-08-12T15:01:09","guid":{"rendered":"https:\/\/radiokissnoticias.com.ar\/web\/?p=12002"},"modified":"2026-08-12T12:01:09","modified_gmt":"2026-08-12T15:01:09","slug":"reconocimiento-al-comisario-general-coseres-y-al-sargento-aguirre","status":"publish","type":"post","link":"https:\/\/radiokissnoticias.com.ar\/web\/2026\/08\/12\/reconocimiento-al-comisario-general-coseres-y-al-sargento-aguirre\/","title":{"rendered":"Reconocimiento al comisario general C\u00f3seres y al sargento Aguirre"},"content":{"rendered":"<p>La Legislatura provincial distingui\u00f3 al comisario general V\u00edctor Hugo C\u00f3ceres, ex director de la Unidad Regional II de Goya y al sargento Gonzalo Aguirre por sus trabajos literarios e hist\u00f3ricos sobre la evoluci\u00f3n de la Polic\u00eda de Corrientes a trav\u00e9s de distintas \u00e9pocas.<\/p>\n<p>En la Legislatura de Corrientes se llev\u00f3 a cabo un acto de reconocimiento a dos integrantes de la fuerza que dedicaron parte de su trayectoria a investigar, documentar y difundir la historia de la Polic\u00eda provincial.<\/p>\n<p>La ceremonia se realiz\u00f3 en el marco de las actividades por un nuevo aniversario institucional y cont\u00f3 con la presencia del vicegobernador de Corrientes, legisladores, autoridades policiales e invitados especiales.<\/p>\n<p>Durante el encuentro fueron distinguidos los profesores de Historia comisario general retirado V\u00edctor Hugo C\u00f3ceres y sargento Gonzalo Aguirre, quienes son autores de diversas obras literarias e hist\u00f3ricas vinculadas con la instituci\u00f3n policial.-<\/p>\n<p>A trav\u00e9s de sus investigaciones y publicaciones, ambos historiadores reconstruyeron distintos per\u00edodos de la vida institucional de la Polic\u00eda de Corrientes, aportando documentos, testimonios y referencias que permiten conocer la evoluci\u00f3n de la fuerza a lo largo del tiempo.<\/p>\n<p>El reconocimiento puso en valor no solo la trayectoria de los autores, sino tambi\u00e9n el aporte realizado para preservar la memoria institucional y transmitir a las nuevas generaciones parte de la historia de la Polic\u00eda de Corrientes.<\/p>\n","protected":false},"excerpt":{"rendered":"<p>La Legislatura provincial distingui\u00f3 al comisario general V\u00edctor Hugo C\u00f3ceres, ex director de la Unidad Regional II de Goya y al sargento Gonzalo Aguirre por sus trabajos literarios e hist\u00f3ricos sobre la evoluci\u00f3n de la Polic\u00eda de Corrientes a trav\u00e9s de distintas \u00e9pocas. En la Legislatura de Corrientes se llev\u00f3 a cabo un acto de [&hellip;]<\/p>\n","protected":false},"author":2,"featured_media":12003,"comment_status":"open","ping_status":"open","sticky":false,"template":"","format":"standard","meta":{"footnotes":""},"categories":[79],"tags":[],"class_list":["post-12002","post","type-post","status-publish","format-standard","has-post-thumbnail","category-provincia"],"_links":{"self":[{"href":"https:\/\/radiokissnoticias.com.ar\/web\/wp-json\/wp\/v2\/posts\/12002","targetHints":{"allow":["GET"]}}],"collection":[{"href":"https:\/\/radiokissnoticias.com.ar\/web\/wp-json\/wp\/v2\/posts"}],"about":[{"href":"https:\/\/radiokissnoticias.com.ar\/web\/wp-json\/wp\/v2\/types\/post"}],"author":[{"embeddable":true,"href":"https:\/\/radiokissnoticias.com.ar\/web\/wp-json\/wp\/v2\/users\/2"}],"replies":[{"embeddable":true,"href":"https:\/\/radiokissnoticias.com.ar\/web\/wp-json\/wp\/v2\/comments?post=12002"}],"version-history":[{"count":1,"href":"https:\/\/radiokissnoticias.com.ar\/web\/wp-json\/wp\/v2\/posts\/12002\/revisions"}],"predecessor-version":[{"id":12004,"href":"https:\/\/radiokissnoticias.com.ar\/web\/wp-json\/wp\/v2\/posts\/12002\/revisions\/12004"}],"wp:featuredmedia":[{"embeddable":true,"href":"https:\/\/radiokissnoticias.com.ar\/web\/wp-json\/wp\/v2\/media\/12003"}],"wp:attachment":[{"href":"https:\/\/radiokissnoticias.com.ar\/web\/wp-json\/wp\/v2\/media?parent=12002"}],"wp:term":[{"taxonomy":"category","embeddable":true,"href":"https:\/\/radiokissnoticias.com.ar\/web\/wp-json\/wp\/v2\/categories?post=12002"},{"taxonomy":"post_tag","embeddable":true,"href":"https:\/\/radiokissnoticias.com.ar\/web\/wp-json\/wp\/v2\/tags?post=12002"}],"curies":[{"name":"wp","href":"https:\/\/api.w.org\/{rel}","templated":true}]}}