{"id":11999,"date":"2026-08-12T11:58:13","date_gmt":"2026-08-12T14:58:13","guid":{"rendered":"https:\/\/radiokissnoticias.com.ar\/web\/?p=11999"},"modified":"2026-08-12T11:58:13","modified_gmt":"2026-08-12T14:58:13","slug":"consejo-municipal-del-pj-goya-desde-goya-acompanamos-la-construccion-nacional-de-axel-kicillof","status":"publish","type":"post","link":"https:\/\/radiokissnoticias.com.ar\/web\/2026\/08\/12\/consejo-municipal-del-pj-goya-desde-goya-acompanamos-la-construccion-nacional-de-axel-kicillof\/","title":{"rendered":"CONSEJO MUNICIPAL DEL PJ  GOYA: \u201cDesde goya acompa\u00f1amos la construcci\u00f3n nacional de Axel Kicillof\u201d"},"content":{"rendered":"<p>Con la firma de 15 integrantes (mayor\u00eda), el Consejo Municipal del Partido Justicialista de Goya expresa p\u00fablicamente su acompa\u00f1amiento a la construcci\u00f3n nacional que encabeza Axel Kicillof de cara a 2027 y reafirma la decisi\u00f3n pol\u00edtica de aportar desde Goya y Corrientes a un proyecto federal, productivo y profundamente peronista.<\/p>\n<div>En ese marco, recibimos con enorme satisfacci\u00f3n la visita a nuestra ciudad del ministro de Desarrollo Agrario de la provincia de Buenos Aires, Dr. Javier Rodr\u00edguez, integrante del gobierno de Kicillof, y valoramos su compromiso con la producci\u00f3n, las cooperativas, el trabajo y las econom\u00edas regionales.<\/div>\n<div><\/div>\n<div>Entendemos, adem\u00e1s, que el Partido Justicialista de Corrientes tiene por delante el desaf\u00edo de discutir y construir una posici\u00f3n com\u00fan que contribuya a la unidad del peronismo nacional.<\/div>\n<div><\/div>\n<div>Firman esta declaraci\u00f3n 15 integrantes de la mayor\u00eda del Consejo Municipal del Partido Justicialista de Goya:<\/div>\n<div><\/div>\n<div>Marcos Bassi (Presidente)<\/div>\n<div>Mario Benitez (Vice Presidente 2do)<\/div>\n<div>Norma Bianco (Vice Presidenta 3ra)<\/div>\n<div>Gerardo Valdez (consejero)<\/div>\n<div>Mario Diaz (consejero)<\/div>\n<div>Ariel Pereira (consejero)<\/div>\n<div>Ra\u00fal Melgarejo (consejero)<\/div>\n<div>Mabel Galvez (consejera)<\/div>\n<div>Lorena Perez Carballo (consejera)<\/div>\n<div>Carlos R\u00edos (consejero)<\/div>\n<div>Delia Acu\u00f1a (consejera)<\/div>\n<div>Laura Fern\u00e1ndez (consejera)<\/div>\n<div>Laura Chavez (consejera)<\/div>\n<div>Pamela Bonatto (consejera)<\/div>\n<div>Valasquez Ra\u00fal Edgardo (consejero)<\/div>\n<div><\/div>\n<div>\n<div>La presencia del ministro Javier Rodr\u00edguez en Goya representa una oportunidad para fortalecer los v\u00ednculos con sectores productivos, cooperativas, trabajadores y organizaciones de nuestra regi\u00f3n, pero tambi\u00e9n para reafirmar que desde el interior del pa\u00eds existe voluntad de participar activamente de la construcci\u00f3n de una alternativa nacional.<\/div>\n<div><\/div>\n<div>Frente a las pol\u00edticas econ\u00f3micas y sociales del Gobierno de Javier Milei, desde el Partido Justicialista de Goya sostenemos la necesidad de recuperar un proyecto que coloque nuevamente en el centro el trabajo, la producci\u00f3n, la industria nacional, los jubilados, la educaci\u00f3n p\u00fablica, la salud, las econom\u00edas regionales y la justicia social.<\/div>\n<div><\/div>\n<div>Desde Goya creemos que el peronismo debe recuperar capacidad de organizaci\u00f3n, territorialidad y una mirada verdaderamente federal. En ese escenario, Axel Kicillof representa para este Consejo Municipal una referencia central en la construcci\u00f3n pol\u00edtica hacia 2027, y desde Corrientes queremos aportar nuestra voz y nuestro trabajo a ese proceso.<\/div>\n<div><\/div>\n<div>La Argentina necesita una alternativa capaz de recuperar la esperanza y ofrecer un horizonte de desarrollo para las mayor\u00edas. Goya quiere ser parte activa de esa construcci\u00f3n, defendiendo las banderas hist\u00f3ricas del justicialismo y trabajando por un pa\u00eds con producci\u00f3n, trabajo, soberan\u00eda y justicia social.<\/div>\n<\/div>\n","protected":false},"excerpt":{"rendered":"<p>Con la firma de 15 integrantes (mayor\u00eda), el Consejo Municipal del Partido Justicialista de Goya expresa p\u00fablicamente su acompa\u00f1amiento a la construcci\u00f3n nacional que encabeza Axel Kicillof de cara a 2027 y reafirma la decisi\u00f3n pol\u00edtica de aportar desde Goya y Corrientes a un proyecto federal, productivo y profundamente peronista. En ese marco, recibimos con [&hellip;]<\/p>\n","protected":false},"author":2,"featured_media":12000,"comment_status":"open","ping_status":"open","sticky":false,"template":"","format":"standard","meta":{"footnotes":""},"categories":[81],"tags":[],"class_list":["post-11999","post","type-post","status-publish","format-standard","has-post-thumbnail","category-politica"],"_links":{"self":[{"href":"https:\/\/radiokissnoticias.com.ar\/web\/wp-json\/wp\/v2\/posts\/11999","targetHints":{"allow":["GET"]}}],"collection":[{"href":"https:\/\/radiokissnoticias.com.ar\/web\/wp-json\/wp\/v2\/posts"}],"about":[{"href":"https:\/\/radiokissnoticias.com.ar\/web\/wp-json\/wp\/v2\/types\/post"}],"author":[{"embeddable":true,"href":"https:\/\/radiokissnoticias.com.ar\/web\/wp-json\/wp\/v2\/users\/2"}],"replies":[{"embeddable":true,"href":"https:\/\/radiokissnoticias.com.ar\/web\/wp-json\/wp\/v2\/comments?post=11999"}],"version-history":[{"count":1,"href":"https:\/\/radiokissnoticias.com.ar\/web\/wp-json\/wp\/v2\/posts\/11999\/revisions"}],"predecessor-version":[{"id":12001,"href":"https:\/\/radiokissnoticias.com.ar\/web\/wp-json\/wp\/v2\/posts\/11999\/revisions\/12001"}],"wp:featuredmedia":[{"embeddable":true,"href":"https:\/\/radiokissnoticias.com.ar\/web\/wp-json\/wp\/v2\/media\/12000"}],"wp:attachment":[{"href":"https:\/\/radiokissnoticias.com.ar\/web\/wp-json\/wp\/v2\/media?parent=11999"}],"wp:term":[{"taxonomy":"category","embeddable":true,"href":"https:\/\/radiokissnoticias.com.ar\/web\/wp-json\/wp\/v2\/categories?post=11999"},{"taxonomy":"post_tag","embeddable":true,"href":"https:\/\/radiokissnoticias.com.ar\/web\/wp-json\/wp\/v2\/tags?post=11999"}],"curies":[{"name":"wp","href":"https:\/\/api.w.org\/{rel}","templated":true}]}}