{"id":11953,"date":"2026-08-11T19:09:48","date_gmt":"2026-08-11T22:09:48","guid":{"rendered":"https:\/\/radiokissnoticias.com.ar\/web\/?p=11953"},"modified":"2026-08-11T19:09:48","modified_gmt":"2026-08-11T22:09:48","slug":"22-concurso-pintemos-goya-fin-de-semana-xl-con-propuestas-para-todos-los-gustos-una-ciudad-en-movimiento-llena-de-cultura-y-colores","status":"publish","type":"post","link":"https:\/\/radiokissnoticias.com.ar\/web\/2026\/08\/11\/22-concurso-pintemos-goya-fin-de-semana-xl-con-propuestas-para-todos-los-gustos-una-ciudad-en-movimiento-llena-de-cultura-y-colores\/","title":{"rendered":"22\u00b0 Concurso Pintemos Goya: fin de semana XL con propuestas para todos los gustos, una ciudad en movimiento, llena de cultura y colores"},"content":{"rendered":"<p>Este fin de semana se renueva la propuesta de invierno en la ciudad de Goya con el tradicional concurso &#8220;Pintemos Goya&#8221; que traslad\u00f3 su punto de encuentro al Paseo Puerto Interior. La 22\u00b0 edici\u00f3n del concurso de manchas nacional se desarrollar\u00e1 del 14 al 16 de agosto. ESTE MIERCOLES A LAS 11 CONFERENCIA DE PRESENTACI\u00d3N.<\/p>\n<p><img loading=\"lazy\" decoding=\"async\" class=\"\" src=\"https:\/\/www.powernoticias.com\/images\/202608111956548914\" width=\"585\" height=\"731\" \/><\/p>\n<p><img loading=\"lazy\" decoding=\"async\" class=\"\" src=\"https:\/\/www.powernoticias.com\/images\/202608111956429064\" width=\"570\" height=\"713\" \/><\/p>\n<p><img loading=\"lazy\" decoding=\"async\" class=\"\" src=\"https:\/\/www.powernoticias.com\/images\/202608111956158798\" width=\"561\" height=\"701\" \/><\/p>\n<p>En declaraciones a Radio Ciudad, el coordinador de Cultura, Manuel Zampar explic\u00f3 que para esta nueva edici\u00f3n se modific\u00f3 el punto de encuentro general las actividades se concentrar\u00e1n en el Paseo Puerto Interior, junto a la Prefectura, salvo la cena que se realizar\u00e1 en la Casa de la Cultura.<\/p>\n<p>&#8220;El Paseo contar\u00e1 con puestos gastron\u00f3micos, Food Track y artesanos durante las tres jornadas, habr\u00e1 m\u00fasica en vivo de 8 a 18 horas. Hay muchos artistas inscriptos que seguramente elegir\u00e1n quedarse en ese lugar para plasmar sus obras y disfrutar del Paseo&#8221; confi\u00f3 Zampar.<\/p>\n<p>PASEOS NAUTICOS<\/p>\n<p>Paseos tur\u00edsticos guiados y actividades en el espacio p\u00fablico de Puerto Interior Goya se complementan con este evento.<\/p>\n<p>Como ya es una costumbre de los Pintemos&#8230;, la jornada del s\u00e1bado y domingo a la tarde habr\u00e1 encuentros de Paseo N\u00e1utico guiado a la Isla Las Damas, Reserva Provincial Isor\u00f3 y City Tour en bicicleta.<\/p>\n<p>Como es habitual, los artistas podr\u00e1n luego trasladarse a cualquier punto de la ciudad para plasmar sus obras, aunque este a\u00f1o la base operativa estar\u00e1 en ese nuevo espacio.<\/p>\n<p>PROGRAMACI\u00d3N<\/p>\n<p>VIERNES 14 DE AGOSTO<\/p>\n<p>8:00 hs<\/p>\n<p>Comienzo del XXII Pintemos Goya 2026<\/p>\n<p>-Acreditaci\u00f3n y timbrado de bastidores en Galp\u00f3n Cultural (Paseo Puerto Interior).<\/p>\n<p>&#8211; Desayuno.<\/p>\n<p>10:00 hs<\/p>\n<p>City Tour por la ciudad.<\/p>\n<p>14:00 hs<\/p>\n<p>Jurados y veedores visar\u00e1n obras en acci\u00f3n (Artistas Pintando) paseo de artesanos<\/p>\n<p>19:00 hs<\/p>\n<p>Recepci\u00f3n de obras en guarda (galp\u00f3n cultural, Paseo de Artesanos, Paseo Puerto Interior)<\/p>\n<p>21:00 hs<\/p>\n<p>Pe\u00f1a y karaoke. Amore M\u00edo (Sociedad Italiana)<\/p>\n<p>S\u00c1BADO 15 DE AGOSTO<\/p>\n<p>Paseo Puerto Interior<\/p>\n<p>8:00 hs<\/p>\n<p>-Acreditaci\u00f3n y timbrado de bastidores en Galp\u00f3n Cultural (Paseo Puerto Interior).<\/p>\n<p>Retiro de obras con guarda para continuar el concurso.<\/p>\n<p>Desayuno<\/p>\n<p>10:00 hs<\/p>\n<p>Recorrida del jurado y veedor<\/p>\n<p>Paseo de artesanos<\/p>\n<p>16:00 hs<\/p>\n<p>Mate y guitarra en Costanera<\/p>\n<p>19:00 hs<\/p>\n<p>Finalizaci\u00f3n del Pintemos Goya 2026<\/p>\n<p>Entrega de obras en Galp\u00f3n Cultural Paseo Puerto Interior<\/p>\n<p>21:00h<\/p>\n<p>Cena de los Pintores en Casa de la Cultura.<\/p>\n<p>Baile<\/p>\n<p>Elecci\u00f3n de Embajadoras XXII edici\u00f3n<\/p>\n<p>DOMINGO 16 DE AGOSTO<\/p>\n<p>10:00 hs<\/p>\n<p>Exposici\u00f3n de obras en concurso<\/p>\n<p>11:00 hs<\/p>\n<p>Premiaci\u00f3n XXII Pintemos Goya 2026 Galp\u00f3n Cultural- Paseo Puerto Interior.<\/p>\n<p>15:00 hs<\/p>\n<p>Paseos N\u00e1uticos<\/p>\n<p>18:00 hs<\/p>\n<p>Mates al atardecer en Costanera<\/p>\n<p>Direcci\u00f3n de Prensa \u2013 Municipalidad de Goya.<\/p>\n","protected":false},"excerpt":{"rendered":"<p>Este fin de semana se renueva la propuesta de invierno en la ciudad de Goya con el tradicional concurso &#8220;Pintemos Goya&#8221; que traslad\u00f3 su punto de encuentro al Paseo Puerto Interior. La 22\u00b0 edici\u00f3n del concurso de manchas nacional se desarrollar\u00e1 del 14 al 16 de agosto. ESTE MIERCOLES A LAS 11 CONFERENCIA DE PRESENTACI\u00d3N. [&hellip;]<\/p>\n","protected":false},"author":2,"featured_media":11954,"comment_status":"open","ping_status":"open","sticky":false,"template":"","format":"standard","meta":{"footnotes":""},"categories":[77],"tags":[],"class_list":["post-11953","post","type-post","status-publish","format-standard","has-post-thumbnail","category-local"],"_links":{"self":[{"href":"https:\/\/radiokissnoticias.com.ar\/web\/wp-json\/wp\/v2\/posts\/11953","targetHints":{"allow":["GET"]}}],"collection":[{"href":"https:\/\/radiokissnoticias.com.ar\/web\/wp-json\/wp\/v2\/posts"}],"about":[{"href":"https:\/\/radiokissnoticias.com.ar\/web\/wp-json\/wp\/v2\/types\/post"}],"author":[{"embeddable":true,"href":"https:\/\/radiokissnoticias.com.ar\/web\/wp-json\/wp\/v2\/users\/2"}],"replies":[{"embeddable":true,"href":"https:\/\/radiokissnoticias.com.ar\/web\/wp-json\/wp\/v2\/comments?post=11953"}],"version-history":[{"count":1,"href":"https:\/\/radiokissnoticias.com.ar\/web\/wp-json\/wp\/v2\/posts\/11953\/revisions"}],"predecessor-version":[{"id":11955,"href":"https:\/\/radiokissnoticias.com.ar\/web\/wp-json\/wp\/v2\/posts\/11953\/revisions\/11955"}],"wp:featuredmedia":[{"embeddable":true,"href":"https:\/\/radiokissnoticias.com.ar\/web\/wp-json\/wp\/v2\/media\/11954"}],"wp:attachment":[{"href":"https:\/\/radiokissnoticias.com.ar\/web\/wp-json\/wp\/v2\/media?parent=11953"}],"wp:term":[{"taxonomy":"category","embeddable":true,"href":"https:\/\/radiokissnoticias.com.ar\/web\/wp-json\/wp\/v2\/categories?post=11953"},{"taxonomy":"post_tag","embeddable":true,"href":"https:\/\/radiokissnoticias.com.ar\/web\/wp-json\/wp\/v2\/tags?post=11953"}],"curies":[{"name":"wp","href":"https:\/\/api.w.org\/{rel}","templated":true}]}}