{"id":11950,"date":"2026-08-11T19:06:27","date_gmt":"2026-08-11T22:06:27","guid":{"rendered":"https:\/\/radiokissnoticias.com.ar\/web\/?p=11950"},"modified":"2026-08-11T19:06:27","modified_gmt":"2026-08-11T22:06:27","slug":"bomberos-voluntarios-de-goya-se-capacitaron-en-rescate-vehicular","status":"publish","type":"post","link":"https:\/\/radiokissnoticias.com.ar\/web\/2026\/08\/11\/bomberos-voluntarios-de-goya-se-capacitaron-en-rescate-vehicular\/","title":{"rendered":"Bomberos Voluntarios de Goya se capacitaron en rescate vehicular"},"content":{"rendered":"<p>Con el objetivo de optimizar la respuesta ante siniestros viales, integrantes del cuerpo activo de Bomberos Voluntarios de Goya participaron de una jornada intensiva de capacitaci\u00f3n en rescate vehicular, desarrollada en el cuartel ubicado en la intersecci\u00f3n de las calles 25 de Mayo y 12 de Octubre. La capacitaci\u00f3n fue dictada por el comandante mayor Julio C\u00e9sar Bejarano.<\/p>\n<p><img loading=\"lazy\" decoding=\"async\" class=\"\" src=\"https:\/\/www.powernoticias.com\/images\/202608111948204381\" width=\"650\" height=\"365\" \/><\/p>\n<p>&nbsp;<\/p>\n<p><img loading=\"lazy\" decoding=\"async\" class=\"\" src=\"https:\/\/www.powernoticias.com\/images\/202608111948114286\" width=\"647\" height=\"485\" \/>La actividad estuvo centrada en la actualizaci\u00f3n de conocimientos y t\u00e9cnicas de intervenci\u00f3n en accidentes de tr\u00e1nsito.<\/p>\n<p>Durante la ma\u00f1ana se llev\u00f3 a cabo la instancia te\u00f3rica, en la que se abordaron aspectos relacionados con la seguridad de la escena, la estrategia y t\u00e1ctica de trabajo seguro, la protecci\u00f3n personal, las normas de actuaci\u00f3n y el conocimiento de las herramientas espec\u00edficas utilizadas en rescates vehiculares.<\/p>\n<p>La capacitaci\u00f3n fue dictada por el comandante mayor Julio C\u00e9sar Bejarano, director de la Academia Provincial de Capacitaci\u00f3n de la Federaci\u00f3n Correntina de Asociaciones de Bomberos Voluntarios. Especialista en rescate vehicular, Bejarano cuenta con una amplia trayectoria y es reconocido por su destacado nivel acad\u00e9mico y su experiencia en la conducci\u00f3n y formaci\u00f3n de personal de bomberos.<\/p>\n<p>Tras el mediod\u00eda, la actividad continu\u00f3 con ejercicios pr\u00e1cticos en los que se recrearon tres escenarios de accidentes utilizando autom\u00f3viles en desuso.<\/p>\n<p>Los participantes pusieron en pr\u00e1ctica t\u00e9cnicas de extracci\u00f3n de v\u00edctimas mediante el empleo de herramientas manuales, el\u00e9ctricas e hidr\u00e1ulicas, aplicando los procedimientos aprendidos durante la etapa te\u00f3rica.<\/p>\n<p>La capacitaci\u00f3n permanente en rescate vehicular resulta indispensable para los bomberos voluntarios, ya que les permite intervenir con mayor rapidez, seguridad y eficacia en emergencias viales, donde cada minuto es determinante para salvar vidas.<\/p>\n<p>La actualizaci\u00f3n constante en t\u00e9cnicas de estabilizaci\u00f3n de veh\u00edculos, extracci\u00f3n de v\u00edctimas y manejo de equipos especializados tambi\u00e9n contribuye a disminuir los riesgos para el personal y a brindar un servicio de mayor calidad a la comunidad.<\/p>\n","protected":false},"excerpt":{"rendered":"<p>Con el objetivo de optimizar la respuesta ante siniestros viales, integrantes del cuerpo activo de Bomberos Voluntarios de Goya participaron de una jornada intensiva de capacitaci\u00f3n en rescate vehicular, desarrollada en el cuartel ubicado en la intersecci\u00f3n de las calles 25 de Mayo y 12 de Octubre. La capacitaci\u00f3n fue dictada por el comandante mayor [&hellip;]<\/p>\n","protected":false},"author":2,"featured_media":11951,"comment_status":"open","ping_status":"open","sticky":false,"template":"","format":"standard","meta":{"footnotes":""},"categories":[77],"tags":[],"class_list":["post-11950","post","type-post","status-publish","format-standard","has-post-thumbnail","category-local"],"_links":{"self":[{"href":"https:\/\/radiokissnoticias.com.ar\/web\/wp-json\/wp\/v2\/posts\/11950","targetHints":{"allow":["GET"]}}],"collection":[{"href":"https:\/\/radiokissnoticias.com.ar\/web\/wp-json\/wp\/v2\/posts"}],"about":[{"href":"https:\/\/radiokissnoticias.com.ar\/web\/wp-json\/wp\/v2\/types\/post"}],"author":[{"embeddable":true,"href":"https:\/\/radiokissnoticias.com.ar\/web\/wp-json\/wp\/v2\/users\/2"}],"replies":[{"embeddable":true,"href":"https:\/\/radiokissnoticias.com.ar\/web\/wp-json\/wp\/v2\/comments?post=11950"}],"version-history":[{"count":1,"href":"https:\/\/radiokissnoticias.com.ar\/web\/wp-json\/wp\/v2\/posts\/11950\/revisions"}],"predecessor-version":[{"id":11952,"href":"https:\/\/radiokissnoticias.com.ar\/web\/wp-json\/wp\/v2\/posts\/11950\/revisions\/11952"}],"wp:featuredmedia":[{"embeddable":true,"href":"https:\/\/radiokissnoticias.com.ar\/web\/wp-json\/wp\/v2\/media\/11951"}],"wp:attachment":[{"href":"https:\/\/radiokissnoticias.com.ar\/web\/wp-json\/wp\/v2\/media?parent=11950"}],"wp:term":[{"taxonomy":"category","embeddable":true,"href":"https:\/\/radiokissnoticias.com.ar\/web\/wp-json\/wp\/v2\/categories?post=11950"},{"taxonomy":"post_tag","embeddable":true,"href":"https:\/\/radiokissnoticias.com.ar\/web\/wp-json\/wp\/v2\/tags?post=11950"}],"curies":[{"name":"wp","href":"https:\/\/api.w.org\/{rel}","templated":true}]}}