{"id":11944,"date":"2026-08-11T19:01:21","date_gmt":"2026-08-11T22:01:21","guid":{"rendered":"https:\/\/radiokissnoticias.com.ar\/web\/?p=11944"},"modified":"2026-08-11T19:01:21","modified_gmt":"2026-08-11T22:01:21","slug":"se-reunieron-las-comisiones-de-cultura-y-de-produccion-del-hcd-de-goya","status":"publish","type":"post","link":"https:\/\/radiokissnoticias.com.ar\/web\/2026\/08\/11\/se-reunieron-las-comisiones-de-cultura-y-de-produccion-del-hcd-de-goya\/","title":{"rendered":"Se reunieron las comisiones de Cultura y de Producci\u00f3n del HCD de Goya"},"content":{"rendered":"<p>Este martes tuvieron lugar las reuniones semanales de trabajo de las comisiones de Cultura, en la que recibieron al Secretario de Modernizaci\u00f3n, Andr\u00e9s Zajarevich, a los fines de debatir sobre el proyecto de creaci\u00f3n de la imagen institucional del cuerpo. Luego continu\u00f3 la Comisi\u00f3n de Producci\u00f3n, que recibi\u00f3 a la Secretaria de Industria y Comercio, Mar\u00eda Paz Lampugnani, para avanzar con la informaci\u00f3n sobre altas y bajas de comercio en 2025\/26.<\/p>\n<div>Las reuniones se llevaron a cabo en el Sal\u00f3n de Comisiones \u201cMabel Barrile\u201d del cuarto piso del edificio comunal, y ambas contaron con la asistencia t\u00e9cnica de Clarisa Yanina Delgado de la Secretar\u00eda de Comisiones.<\/div>\n<div><\/div>\n<div><b>Comisi\u00f3n de Cultura<\/b><\/div>\n<div><\/div>\n<div>En primer lugar, los concejales Susana Quir\u00f3z, Gabriela Refojos, Oscar Ferrero y Marcos Gonz\u00e1lez, como miembros de la Comisi\u00f3n de Cultura, Deporte, Recreaci\u00f3n y Turismo, recibieron al Secretario de Modernizaci\u00f3n, Andr\u00e9s Zajarevich.<\/div>\n<div>\n<div>Con el funcionario invitado, debatieron el alcance del Proyecto de Ordenanza sobre Dise\u00f1o, Creaci\u00f3n y Adopci\u00f3n de la imagen institucional del HCD, contenido en el Expediente N\u00b0 3.591.<\/div>\n<div><\/div>\n<div>Los ediles, tras intercambiar ideas y propuestas con el invitado, resolvieron invitar para el martes 18 de agosto al Presidente del cuerpo, Sebasti\u00e1n Mazzaro, para continuar con el tratamiento de mismo.<\/div>\n<div><\/div>\n<div><b>Comisi\u00f3n de Producci\u00f3n<\/b><\/div>\n<div><\/div>\n<div>Seguidamente los concejales Marcelo Frattini, Bel\u00e9n Gogga, Ver\u00f3nica Ram\u00edrez y Eladia Fern\u00e1ndez, conformaron el quorum con el que se reuni\u00f3 la Comisi\u00f3n de Producci\u00f3n, Ecolog\u00eda, Medio Ambiente y Recursos Naturales.<\/div>\n<\/div>\n<div><\/div>\n<div>\n<div>En esta oportunidad, y con la presencia de la Secretaria de Industria y Comercio de la Municipalidad, Mar\u00eda Paz Lampugnani, se abocaron al estudio de:<\/div>\n<div><\/div>\n<div>Expediente N\u00b0 3.505: Pedido de Informe sobre altas y bajas comerciales en el per\u00edodo 2026\/2026.<\/div>\n<div><\/div>\n<div>En principio el debate se produjo cuando se explicaron los puntos en el informe escrito presentado, pero al no agotarse el tema, el mismo contin\u00faa en tratamiento.<\/div>\n<\/div>\n<div><\/div>\n","protected":false},"excerpt":{"rendered":"<p>Este martes tuvieron lugar las reuniones semanales de trabajo de las comisiones de Cultura, en la que recibieron al Secretario de Modernizaci\u00f3n, Andr\u00e9s Zajarevich, a los fines de debatir sobre el proyecto de creaci\u00f3n de la imagen institucional del cuerpo. Luego continu\u00f3 la Comisi\u00f3n de Producci\u00f3n, que recibi\u00f3 a la Secretaria de Industria y Comercio, [&hellip;]<\/p>\n","protected":false},"author":2,"featured_media":11945,"comment_status":"open","ping_status":"open","sticky":false,"template":"","format":"standard","meta":{"footnotes":""},"categories":[77],"tags":[],"class_list":["post-11944","post","type-post","status-publish","format-standard","has-post-thumbnail","category-local"],"_links":{"self":[{"href":"https:\/\/radiokissnoticias.com.ar\/web\/wp-json\/wp\/v2\/posts\/11944","targetHints":{"allow":["GET"]}}],"collection":[{"href":"https:\/\/radiokissnoticias.com.ar\/web\/wp-json\/wp\/v2\/posts"}],"about":[{"href":"https:\/\/radiokissnoticias.com.ar\/web\/wp-json\/wp\/v2\/types\/post"}],"author":[{"embeddable":true,"href":"https:\/\/radiokissnoticias.com.ar\/web\/wp-json\/wp\/v2\/users\/2"}],"replies":[{"embeddable":true,"href":"https:\/\/radiokissnoticias.com.ar\/web\/wp-json\/wp\/v2\/comments?post=11944"}],"version-history":[{"count":1,"href":"https:\/\/radiokissnoticias.com.ar\/web\/wp-json\/wp\/v2\/posts\/11944\/revisions"}],"predecessor-version":[{"id":11946,"href":"https:\/\/radiokissnoticias.com.ar\/web\/wp-json\/wp\/v2\/posts\/11944\/revisions\/11946"}],"wp:featuredmedia":[{"embeddable":true,"href":"https:\/\/radiokissnoticias.com.ar\/web\/wp-json\/wp\/v2\/media\/11945"}],"wp:attachment":[{"href":"https:\/\/radiokissnoticias.com.ar\/web\/wp-json\/wp\/v2\/media?parent=11944"}],"wp:term":[{"taxonomy":"category","embeddable":true,"href":"https:\/\/radiokissnoticias.com.ar\/web\/wp-json\/wp\/v2\/categories?post=11944"},{"taxonomy":"post_tag","embeddable":true,"href":"https:\/\/radiokissnoticias.com.ar\/web\/wp-json\/wp\/v2\/tags?post=11944"}],"curies":[{"name":"wp","href":"https:\/\/api.w.org\/{rel}","templated":true}]}}