{"id":11941,"date":"2026-08-11T18:58:59","date_gmt":"2026-08-11T21:58:59","guid":{"rendered":"https:\/\/radiokissnoticias.com.ar\/web\/?p=11941"},"modified":"2026-08-11T18:58:59","modified_gmt":"2026-08-11T21:58:59","slug":"mediante-resolucion-el-intendente-dispuso-la-creacion-de-coe-para-enfrentar-emergencias-climaticas","status":"publish","type":"post","link":"https:\/\/radiokissnoticias.com.ar\/web\/2026\/08\/11\/mediante-resolucion-el-intendente-dispuso-la-creacion-de-coe-para-enfrentar-emergencias-climaticas\/","title":{"rendered":"MEDIANTE RESOLUCI\u00d3N: El Intendente dispuso la creaci\u00f3n de COE para enfrentar emergencias clim\u00e1ticas"},"content":{"rendered":"<p>Mediante la Resoluci\u00f3n N\u00b0 938, firmada por el intendente Mariano Hormaechea y el secretario de Gobierno Pablo Fern\u00e1ndez, el Municipio dispuso la creaci\u00f3n del COE con car\u00e1cter ad hoc mientras dure la alerta meteorol\u00f3gica. El organismo articular\u00e1 acciones de prevenci\u00f3n, planificaci\u00f3n y respuesta frente a un posible escenario clim\u00e1tico complejo, integrando \u00e1reas municipales, concejales, fuerzas de seguridad, organismos provinciales, instituciones de salud y entidades sociales, con el objetivo de anticiparse a eventos h\u00eddricos y minimizar sus impactos en la comunidad.<\/p>\n<div>La experiencia acumulada en eventos clim\u00e1ticos e h\u00eddricos anteriores plantea el desaf\u00edo a la gesti\u00f3n municipal a planificar y adoptar medidas anticipadas para minimizar las posibles consecuencias antes acontecimientos considerables. Es por ello, que es necesario disponer un esquema de trabajo y planificaci\u00f3n ante los pron\u00f3sticos que indican una posible intensificaci\u00f3n del fen\u00f3meno del Ni\u00f1o durante los pr\u00f3ximos meses.<\/div>\n<div><\/div>\n<div>Distintas \u00e1reas de la administraci\u00f3n de nuestro municipio se encuentran desarrollando una series de acciones de planificaci\u00f3n y coordinaci\u00f3n dise\u00f1ando el plan de contingencia con el objetivo de fortalecer la capacidad de respuestas frente a eventuales emergencias clim\u00e1ticas, en funci\u00f3n de antecedentes registrados en otras situaciones tanto a nivel provincial como as\u00ed tambi\u00e9n comunal, fundamentalmente teniendo en cuenta la informaci\u00f3n t\u00e9cnica disponible desde organismos nacionales y provinciales.<\/div>\n<div><\/div>\n<div>Desde el ejecutivo municipal, se considera indispensable estar preparados y actuar antes que se produzcan los posibles efectos del fen\u00f3meno, teniendo en cuenta que esta decisi\u00f3n se lleva adelante en relaci\u00f3n a informes de especialistas y meteor\u00f3logos, quienes se\u00f1alan un posible escenario clim\u00e1tico complejo, dado que el comportamiento del clima no responde a par\u00e1metros completamente previsibles debido a la influencia del cambio clim\u00e1tico, resulta conveniente y adecuado prevenir, coordinar, fortalecer la planificaci\u00f3n y mantener una observaci\u00f3n permanente.<\/div>\n<div><\/div>\n<div>El COE entre sus funciones o tareas establece la coordinaci\u00f3n estrat\u00e9gica, la emisi\u00f3n de alertas y la comunicaci\u00f3n oficial.<\/div>\n<div><\/div>\n<div>En este marco, mediante la Resoluci\u00f3n N\u00b0 938, el intendente dispuso la conformaci\u00f3n del Comit\u00e9 Operativo de Emergencia (COE) en el \u00e1mbito municipal, con car\u00e1cter ad hoc y vigencia mientras dure la alerta meteorol\u00f3gica por el fen\u00f3meno de \u201cEl Ni\u00f1o\u201d. El organismo estar\u00e1 integrado por autoridades del Ejecutivo, representantes del Concejo Deliberante y distintas \u00e1reas municipales vinculadas a la emergencia, adem\u00e1s de convocar a fuerzas de seguridad, organismos provinciales, instituciones de salud, organizaciones sociales y entidades intermedias.<\/div>\n<div><\/div>\n<div>En su parte resolutiva establece, la Conformaci\u00f3n en el \u00e1mbito de la Municipalidad de Goya del Comit\u00e9 Operativo de Emergencia (C.0.E.), el que tendr\u00e1 car\u00e1cter Ad-Hoc v estar\u00e1 vigente mientras dure la alerta meteorol\u00f3gica originada por el fen\u00f3meno de &#8220;El Ni\u00f1o<\/div>\n<div><\/div>\n<div>En el art\u00edculo 2\u00b0, establece la conformaci\u00f3n, \u00e9l C.O.E. estar\u00e1 integrado de la siguiente manera:<\/div>\n<div><\/div>\n<div>\u2022 Presidente: Intendente Municipal.<\/div>\n<div><\/div>\n<div>\u2022 Vice-Presidente: Secretario de Gobierno.<\/div>\n<div><\/div>\n<div>\u2022 \u00c1rea Legislativa; Concejales, Marcelo Gustavo Frattini y Vivian Ivana Merlo, en representaci\u00f3n del H.C.D. local (Resol H.C.D. N\u00b0: 4.521\/26).<\/div>\n<div><\/div>\n<div>\u2022 \u00c1rea de Hacienda, Suministros y Legales: Secretario de Hacienda y Asesor Letrado Municipal.<\/div>\n<div><\/div>\n<div>\u2022 Director Ejecutivo: Secretario de Desarrollo Humano.<\/div>\n<div><\/div>\n<div>\u2022 \u00c1rea T\u00e9cnica, Seguridad y Log\u00edstica: Administrador General del PRO.DE.GO. y Secretario de Obras P\u00fablicas.<\/div>\n<div><\/div>\n<div>\u2022 \u00c1rea de Ayuda Inmediata: Sub-Secretario de Salud y Directora de Acci\u00f3n Social.<\/div>\n<div><\/div>\n<div>\u2022 \u00c1rea de Prensa y Comunicaci\u00f3n: Director de Prensa y Coordinador de Asuntos Digitales.<\/div>\n<div><\/div>\n<div>Adem\u00e1s, en el art\u00edculo 3, quienes forman parte de este comit\u00e9, entidades y reparticiones p\u00fablicas:<\/div>\n<div><\/div>\n<div>\u2022 Direcci\u00f3n de Tr\u00e1nsito<\/div>\n<div><\/div>\n<div>\u2022 Direcciones de Acci\u00f3n Social, Promoci\u00f3n Social, Mujer, Fortalecimiento Familiar, Prevenci\u00f3n de Adicciones, Salud Mental, Juventud, etc.<\/div>\n<div><\/div>\n<div>\u2022 Consejos Vecinales<\/div>\n<div><\/div>\n<div>\u2022 Plenario Vecinal<\/div>\n<div><\/div>\n<div>\u2022 Secretaria de Producci\u00f3n Primaria<\/div>\n<div><\/div>\n<div>\u2022 Secretar\u00eda de Educaci\u00f3n<\/div>\n<div><\/div>\n<div>\u2022 Subsecretar\u00edas de Salud, APS, EMMU, Farmacia, Bromatolog\u00eda,<\/div>\n<div><\/div>\n<div>\u2022 Discapacidad<\/div>\n<div><\/div>\n<div>\u2022 Hospital Regional Goya<\/div>\n<div><\/div>\n<div>\u2022 Hospital \u00c1ngel de la Guarda<\/div>\n<div><\/div>\n<div>\u2022 Defensa Civil<\/div>\n<div><\/div>\n<div>\u2022 Polic\u00eda de la Provincia de Corrientes<\/div>\n<div><\/div>\n<div>\u2022 Ej\u00e9rcito Argentino<\/div>\n<div><\/div>\n<div>\u2022 Gendarmer\u00eda Nacional<\/div>\n<div><\/div>\n<div>\u2022 Prefectura Naval Argentina<\/div>\n<div><\/div>\n<div>\u2022 Bomberos Voluntarios<\/div>\n<div><\/div>\n<div>\u2022 Vialidad Provincial<\/div>\n<div><\/div>\n<div>\u2022 DPEC.<\/div>\n<div><\/div>\n<div>\u2022 Instituto Provincial del Tabaco<\/div>\n<div><\/div>\n<div>\u2022 Obispado de Goya<\/div>\n<div><\/div>\n<div>\u2022 CARITAS Diocesanas Goya<\/div>\n<div><\/div>\n<div>\u2022 Iglesia Evang\u00e9lica<\/div>\n<div><\/div>\n<div>\u2022 Club de Leones<\/div>\n<div><\/div>\n<div>\u2022 Delegaci\u00f3n de Desarrollo Social<\/div>\n<div><\/div>\n<div>\u2022 Clubes y Asociaciones Sociales sin fines de lucro<\/div>\n<div><\/div>\n<div>\u2022 Referentes de la Zona Rural, etc.<\/div>\n<div><\/div>\n<div>El C.O.E. tendr\u00e1 las siguientes tareas y\/o funciones:<\/div>\n<div><\/div>\n<div>A- Coordinaci\u00f3n Estrat\u00e9gica: Estar\u00e1 a cargo de un equipo que realizar\u00e1 el Seguimiento del desarrollo del fen\u00f3meno del &#8220;El Ni\u00f1o&#8221;, recabando y organizando la informaci\u00f3n para la toma de decisiones, elaborar\u00e1 el Protocolo de Prevenci\u00f3n y Respuestas; Convocar\u00e1 a la conformaci\u00f3n del C.O.E.; acordar\u00e1 tareas posibles y mantendr\u00e1 informada a la comunidad.<\/div>\n<div><\/div>\n<div>B- Emisi\u00f3n de Alertas: Estar\u00e1 a cargo de un equipo t\u00e9cnico y de monitoreo de las amenazas h\u00eddricas y\/o clim\u00e1ticas; preparar\u00e1 los avisos y protocolos de prevenci\u00f3n o evacuaci\u00f3n acordados en el C.O.E. de acuerdo Con el desarrollo del evento y comunicar\u00e1 a la ciudadan\u00eda a trav\u00e9s del \u00c1rea de Prensa y Comunicaci\u00f3n.<\/div>\n<div><\/div>\n<div>C- Comunicaci\u00f3n Oficial: El equipo de Prensa y Comunicaci\u00f3n, funcionar\u00e1 como la voz autorizada del C.O.E., quien informar\u00e1 sobre las acciones de prevenci\u00f3n que se est\u00e1n realizando, el estado de situaci\u00f3n de la emergencia, las acciones a realizar y las medidas a seguir.<\/div>\n<div><\/div>\n<div><\/div>\n<div><\/div>\n<div>Direcci\u00f3n de Prensa \u2013 Municipalidad de Goya.<\/div>\n","protected":false},"excerpt":{"rendered":"<p>Mediante la Resoluci\u00f3n N\u00b0 938, firmada por el intendente Mariano Hormaechea y el secretario de Gobierno Pablo Fern\u00e1ndez, el Municipio dispuso la creaci\u00f3n del COE con car\u00e1cter ad hoc mientras dure la alerta meteorol\u00f3gica. El organismo articular\u00e1 acciones de prevenci\u00f3n, planificaci\u00f3n y respuesta frente a un posible escenario clim\u00e1tico complejo, integrando \u00e1reas municipales, concejales, fuerzas [&hellip;]<\/p>\n","protected":false},"author":2,"featured_media":11942,"comment_status":"open","ping_status":"open","sticky":false,"template":"","format":"standard","meta":{"footnotes":""},"categories":[77],"tags":[],"class_list":["post-11941","post","type-post","status-publish","format-standard","has-post-thumbnail","category-local"],"_links":{"self":[{"href":"https:\/\/radiokissnoticias.com.ar\/web\/wp-json\/wp\/v2\/posts\/11941","targetHints":{"allow":["GET"]}}],"collection":[{"href":"https:\/\/radiokissnoticias.com.ar\/web\/wp-json\/wp\/v2\/posts"}],"about":[{"href":"https:\/\/radiokissnoticias.com.ar\/web\/wp-json\/wp\/v2\/types\/post"}],"author":[{"embeddable":true,"href":"https:\/\/radiokissnoticias.com.ar\/web\/wp-json\/wp\/v2\/users\/2"}],"replies":[{"embeddable":true,"href":"https:\/\/radiokissnoticias.com.ar\/web\/wp-json\/wp\/v2\/comments?post=11941"}],"version-history":[{"count":1,"href":"https:\/\/radiokissnoticias.com.ar\/web\/wp-json\/wp\/v2\/posts\/11941\/revisions"}],"predecessor-version":[{"id":11943,"href":"https:\/\/radiokissnoticias.com.ar\/web\/wp-json\/wp\/v2\/posts\/11941\/revisions\/11943"}],"wp:featuredmedia":[{"embeddable":true,"href":"https:\/\/radiokissnoticias.com.ar\/web\/wp-json\/wp\/v2\/media\/11942"}],"wp:attachment":[{"href":"https:\/\/radiokissnoticias.com.ar\/web\/wp-json\/wp\/v2\/media?parent=11941"}],"wp:term":[{"taxonomy":"category","embeddable":true,"href":"https:\/\/radiokissnoticias.com.ar\/web\/wp-json\/wp\/v2\/categories?post=11941"},{"taxonomy":"post_tag","embeddable":true,"href":"https:\/\/radiokissnoticias.com.ar\/web\/wp-json\/wp\/v2\/tags?post=11941"}],"curies":[{"name":"wp","href":"https:\/\/api.w.org\/{rel}","templated":true}]}}