{"id":11938,"date":"2026-08-11T13:55:37","date_gmt":"2026-08-11T16:55:37","guid":{"rendered":"https:\/\/radiokissnoticias.com.ar\/web\/?p=11938"},"modified":"2026-08-11T13:55:37","modified_gmt":"2026-08-11T16:55:37","slug":"asumio-la-nueva-delegada-de-migraciones-de-corrientes","status":"publish","type":"post","link":"https:\/\/radiokissnoticias.com.ar\/web\/2026\/08\/11\/asumio-la-nueva-delegada-de-migraciones-de-corrientes\/","title":{"rendered":"Asumi\u00f3 la nueva delegada de Migraciones de Corrientes"},"content":{"rendered":"<p>La ex secretaria parlamentaria de la C\u00e1mara de Diputados, Evelyn Karsten, reemplaza a \u00c1ngel Kofman, quien actualmente es concejal de la capital provincial.<\/p>\n<p>Evelyn Karsten asumi\u00f3 como nueva delegada de Migraciones en Corrientes, tras haber sido secretaria parlamentaria de la C\u00e1mara de Diputados. Tambi\u00e9n fue candidata a vicegobernadora por La Libertad Avanza.<\/p>\n<p>Karsten reemplaza en el cargo a \u00c1ngel Kofman, quien actualmente se desempe\u00f1a como concejal de la ciudad de Corrientes.<\/p>\n<p>Situaci\u00f3n judicial con el Poder Legislativo<\/p>\n<p>La designaci\u00f3n se produce mientras la dirigente libertaria mantiene una disputa judicial con el Poder Legislativo provincial por su salida de la Secretar\u00eda Parlamentaria.<\/p>\n<p>El conflicto comenz\u00f3 el 9 de diciembre de 2025, durante la Sesi\u00f3n Preparatoria de la C\u00e1mara de Diputados. En esa jornada, el cuerpo legislativo vot\u00f3 su remoci\u00f3n del cargo y, desde entonces, Karsten inici\u00f3 acciones judiciales al cuestionar las causales utilizadas para su remoci\u00f3n y tambi\u00e9n el procedimiento de votaci\u00f3n.<\/p>\n","protected":false},"excerpt":{"rendered":"<p>La ex secretaria parlamentaria de la C\u00e1mara de Diputados, Evelyn Karsten, reemplaza a \u00c1ngel Kofman, quien actualmente es concejal de la capital provincial. Evelyn Karsten asumi\u00f3 como nueva delegada de Migraciones en Corrientes, tras haber sido secretaria parlamentaria de la C\u00e1mara de Diputados. Tambi\u00e9n fue candidata a vicegobernadora por La Libertad Avanza. Karsten reemplaza en [&hellip;]<\/p>\n","protected":false},"author":2,"featured_media":11939,"comment_status":"open","ping_status":"open","sticky":false,"template":"","format":"standard","meta":{"footnotes":""},"categories":[79],"tags":[],"class_list":["post-11938","post","type-post","status-publish","format-standard","has-post-thumbnail","category-provincia"],"_links":{"self":[{"href":"https:\/\/radiokissnoticias.com.ar\/web\/wp-json\/wp\/v2\/posts\/11938","targetHints":{"allow":["GET"]}}],"collection":[{"href":"https:\/\/radiokissnoticias.com.ar\/web\/wp-json\/wp\/v2\/posts"}],"about":[{"href":"https:\/\/radiokissnoticias.com.ar\/web\/wp-json\/wp\/v2\/types\/post"}],"author":[{"embeddable":true,"href":"https:\/\/radiokissnoticias.com.ar\/web\/wp-json\/wp\/v2\/users\/2"}],"replies":[{"embeddable":true,"href":"https:\/\/radiokissnoticias.com.ar\/web\/wp-json\/wp\/v2\/comments?post=11938"}],"version-history":[{"count":1,"href":"https:\/\/radiokissnoticias.com.ar\/web\/wp-json\/wp\/v2\/posts\/11938\/revisions"}],"predecessor-version":[{"id":11940,"href":"https:\/\/radiokissnoticias.com.ar\/web\/wp-json\/wp\/v2\/posts\/11938\/revisions\/11940"}],"wp:featuredmedia":[{"embeddable":true,"href":"https:\/\/radiokissnoticias.com.ar\/web\/wp-json\/wp\/v2\/media\/11939"}],"wp:attachment":[{"href":"https:\/\/radiokissnoticias.com.ar\/web\/wp-json\/wp\/v2\/media?parent=11938"}],"wp:term":[{"taxonomy":"category","embeddable":true,"href":"https:\/\/radiokissnoticias.com.ar\/web\/wp-json\/wp\/v2\/categories?post=11938"},{"taxonomy":"post_tag","embeddable":true,"href":"https:\/\/radiokissnoticias.com.ar\/web\/wp-json\/wp\/v2\/tags?post=11938"}],"curies":[{"name":"wp","href":"https:\/\/api.w.org\/{rel}","templated":true}]}}