{"id":11919,"date":"2026-08-11T11:32:32","date_gmt":"2026-08-11T14:32:32","guid":{"rendered":"https:\/\/radiokissnoticias.com.ar\/web\/?p=11919"},"modified":"2026-08-11T11:32:32","modified_gmt":"2026-08-11T14:32:32","slug":"mejoras-y-ampliacion-del-parque-industrial-de-goya","status":"publish","type":"post","link":"https:\/\/radiokissnoticias.com.ar\/web\/2026\/08\/11\/mejoras-y-ampliacion-del-parque-industrial-de-goya\/","title":{"rendered":"Mejoras y ampliaci\u00f3n del Parque Industrial de Goya"},"content":{"rendered":"<p>Ayer es, el presidente de AGENPRO, contador Fernando Mart\u00ednez, analiz\u00f3 la reuni\u00f3n mantenida el pasado viernes con el intendente Mariano Hormaechea, la Comisi\u00f3n Directiva del Parque industrial y la gerencia de AGENPRO.<\/p>\n<p>En la entrevista radial mantenida por Radio Ciudad, detall\u00f3: &#8220;Uno de los temas analizados fue acordar l\u00edneas de acci\u00f3n para empezar a pavimentar las calles del Parque Industrial que luego de gestiones que se ven\u00edan realizando, hoy tenemos la suerte de poder empezar, el gobierno de la provincia, a trav\u00e9s de la Municipalidad de Goya. Por ello, el intendente Hormaechea nos convoc\u00f3 para ponernos al tanto y planificar esos trabajos&#8221;.<\/p>\n<p><b>AMPLIACI\u00d3N DEL PARQUE INDUSTRIAL<\/b><\/p>\n<p>Otro de los temas en agenda y que se trat\u00f3 sobre tablas es la ampliaci\u00f3n del Parque Industrial de Goya. &#8220;Es la \u00fanica salida que tenemos para que se instalen empresas nuevas en nuestra ciudad, sabiendo que hoy no tenemos espacios disponibles para brindar las dimensiones adecuadas en el Parque Industrial&#8230;, tenemos que pensar qu\u00e9 industrias traemos a la Microrregi\u00f3n, as\u00ed que son varios proyectos que tenemos en agenda que lo venimos gestionando&#8221; expuso.<\/p>\n<p>El contador Mart\u00ednez se\u00f1al\u00f3 en este sentido que no importa la locaci\u00f3n que las empresas decidan tomar para venir a invertir (refiriendo que puede ser Goya o algunas de las localidades de la microrregi\u00f3n), mientras sea en la microrregi\u00f3n.<\/p>\n<p><b>PLANIFICACI\u00d3N DE LA CIUDAD<\/b><\/p>\n<p>Ponder\u00f3 el hecho de que la zona tuvo una &#8220;valoraci\u00f3n&#8221; toda vez que ayuda al desarrollo comercial que se est\u00e1 llevando adelante, &#8220;para esto es fundamental la planificaci\u00f3n de una ciudad. Esto fue muy bien pensado y nosotros desde la AGENPRO (Agencia de Desarrollo Productivo), siempre hemos tenido comisiones directivas que han acompa\u00f1ado. Hoy a m\u00ed me toca presidir la comisi\u00f3n y vamos a seguir empujando, gestionando estas obras que hoy las estamos festejando, entonces la idea es seguir apostando para toda nuestra ciudad&#8221;, cerr\u00f3.<\/p>\n<p>Cabe se\u00f1alar que el parque industrial, el parque tecnol\u00f3gico, la playa de transferencia de carga y la futura terminal de \u00f3mnibus se enmarcan en un plan estrat\u00e9gico establecido por la gesti\u00f3n del intendente Mariano Hormaechea, para lograr el desarrollo econ\u00f3mico de la ciudad de Goya.<\/p>\n<p>Direcci\u00f3n de Prensa \u2013 Municipalidad de Goya.<\/p>\n","protected":false},"excerpt":{"rendered":"<p>Ayer es, el presidente de AGENPRO, contador Fernando Mart\u00ednez, analiz\u00f3 la reuni\u00f3n mantenida el pasado viernes con el intendente Mariano Hormaechea, la Comisi\u00f3n Directiva del Parque industrial y la gerencia de AGENPRO. En la entrevista radial mantenida por Radio Ciudad, detall\u00f3: &#8220;Uno de los temas analizados fue acordar l\u00edneas de acci\u00f3n para empezar a pavimentar [&hellip;]<\/p>\n","protected":false},"author":2,"featured_media":11920,"comment_status":"open","ping_status":"open","sticky":false,"template":"","format":"standard","meta":{"footnotes":""},"categories":[77],"tags":[],"class_list":["post-11919","post","type-post","status-publish","format-standard","has-post-thumbnail","category-local"],"_links":{"self":[{"href":"https:\/\/radiokissnoticias.com.ar\/web\/wp-json\/wp\/v2\/posts\/11919","targetHints":{"allow":["GET"]}}],"collection":[{"href":"https:\/\/radiokissnoticias.com.ar\/web\/wp-json\/wp\/v2\/posts"}],"about":[{"href":"https:\/\/radiokissnoticias.com.ar\/web\/wp-json\/wp\/v2\/types\/post"}],"author":[{"embeddable":true,"href":"https:\/\/radiokissnoticias.com.ar\/web\/wp-json\/wp\/v2\/users\/2"}],"replies":[{"embeddable":true,"href":"https:\/\/radiokissnoticias.com.ar\/web\/wp-json\/wp\/v2\/comments?post=11919"}],"version-history":[{"count":2,"href":"https:\/\/radiokissnoticias.com.ar\/web\/wp-json\/wp\/v2\/posts\/11919\/revisions"}],"predecessor-version":[{"id":11922,"href":"https:\/\/radiokissnoticias.com.ar\/web\/wp-json\/wp\/v2\/posts\/11919\/revisions\/11922"}],"wp:featuredmedia":[{"embeddable":true,"href":"https:\/\/radiokissnoticias.com.ar\/web\/wp-json\/wp\/v2\/media\/11920"}],"wp:attachment":[{"href":"https:\/\/radiokissnoticias.com.ar\/web\/wp-json\/wp\/v2\/media?parent=11919"}],"wp:term":[{"taxonomy":"category","embeddable":true,"href":"https:\/\/radiokissnoticias.com.ar\/web\/wp-json\/wp\/v2\/categories?post=11919"},{"taxonomy":"post_tag","embeddable":true,"href":"https:\/\/radiokissnoticias.com.ar\/web\/wp-json\/wp\/v2\/tags?post=11919"}],"curies":[{"name":"wp","href":"https:\/\/api.w.org\/{rel}","templated":true}]}}