{"id":11910,"date":"2026-08-11T11:27:47","date_gmt":"2026-08-11T14:27:47","guid":{"rendered":"https:\/\/radiokissnoticias.com.ar\/web\/?p=11910"},"modified":"2026-08-11T11:27:47","modified_gmt":"2026-08-11T14:27:47","slug":"recuperan-mas-de-2-millones-robados-a-un-local-de-esquina-hay-un-detenido","status":"publish","type":"post","link":"https:\/\/radiokissnoticias.com.ar\/web\/2026\/08\/11\/recuperan-mas-de-2-millones-robados-a-un-local-de-esquina-hay-un-detenido\/","title":{"rendered":"Recuperan m\u00e1s de $2 millones robados a un local de Esquina: hay un detenido"},"content":{"rendered":"<p>El dinero fue robado a un local comercial de la ciudad de Esquina. La Polic\u00eda realiz\u00f3 un allanamiento, recuper\u00f3 la suma y secuestr\u00f3 una notebook. Un hombre de 43 a\u00f1os qued\u00f3 a disposici\u00f3n de la Justicia.<\/p>\n<p>M\u00e1s de $2 millones fueron robados de un comercio de Esquina fueron recuperados durante un allanamiento realizado por la Polic\u00eda. Un hombre de 43 a\u00f1os fue detenido por su presunta vinculaci\u00f3n con el robo.<\/p>\n<p>La pesquisa permiti\u00f3 identificar una vivienda que pod\u00eda estar relacionada con el robo y, con una orden judicial, los polic\u00edas ingresaron al domicilio. All\u00ed encontraron una suma superior a los $2.000.000. Durante el procedimiento tambi\u00e9n fue secuestrada una notebook.<\/p>\n<p>El dinero recuperado y los dem\u00e1s elementos secuestrados fueron trasladados a la Comisar\u00eda Primera de Esquina.<\/p>\n","protected":false},"excerpt":{"rendered":"<p>El dinero fue robado a un local comercial de la ciudad de Esquina. La Polic\u00eda realiz\u00f3 un allanamiento, recuper\u00f3 la suma y secuestr\u00f3 una notebook. Un hombre de 43 a\u00f1os qued\u00f3 a disposici\u00f3n de la Justicia. M\u00e1s de $2 millones fueron robados de un comercio de Esquina fueron recuperados durante un allanamiento realizado por la [&hellip;]<\/p>\n","protected":false},"author":2,"featured_media":11911,"comment_status":"open","ping_status":"open","sticky":false,"template":"","format":"standard","meta":{"footnotes":""},"categories":[82],"tags":[],"class_list":["post-11910","post","type-post","status-publish","format-standard","has-post-thumbnail","category-policiales"],"_links":{"self":[{"href":"https:\/\/radiokissnoticias.com.ar\/web\/wp-json\/wp\/v2\/posts\/11910","targetHints":{"allow":["GET"]}}],"collection":[{"href":"https:\/\/radiokissnoticias.com.ar\/web\/wp-json\/wp\/v2\/posts"}],"about":[{"href":"https:\/\/radiokissnoticias.com.ar\/web\/wp-json\/wp\/v2\/types\/post"}],"author":[{"embeddable":true,"href":"https:\/\/radiokissnoticias.com.ar\/web\/wp-json\/wp\/v2\/users\/2"}],"replies":[{"embeddable":true,"href":"https:\/\/radiokissnoticias.com.ar\/web\/wp-json\/wp\/v2\/comments?post=11910"}],"version-history":[{"count":1,"href":"https:\/\/radiokissnoticias.com.ar\/web\/wp-json\/wp\/v2\/posts\/11910\/revisions"}],"predecessor-version":[{"id":11912,"href":"https:\/\/radiokissnoticias.com.ar\/web\/wp-json\/wp\/v2\/posts\/11910\/revisions\/11912"}],"wp:featuredmedia":[{"embeddable":true,"href":"https:\/\/radiokissnoticias.com.ar\/web\/wp-json\/wp\/v2\/media\/11911"}],"wp:attachment":[{"href":"https:\/\/radiokissnoticias.com.ar\/web\/wp-json\/wp\/v2\/media?parent=11910"}],"wp:term":[{"taxonomy":"category","embeddable":true,"href":"https:\/\/radiokissnoticias.com.ar\/web\/wp-json\/wp\/v2\/categories?post=11910"},{"taxonomy":"post_tag","embeddable":true,"href":"https:\/\/radiokissnoticias.com.ar\/web\/wp-json\/wp\/v2\/tags?post=11910"}],"curies":[{"name":"wp","href":"https:\/\/api.w.org\/{rel}","templated":true}]}}