{"id":11902,"date":"2026-08-11T11:18:29","date_gmt":"2026-08-11T14:18:29","guid":{"rendered":"https:\/\/radiokissnoticias.com.ar\/web\/?p=11902"},"modified":"2026-08-11T11:18:29","modified_gmt":"2026-08-11T14:18:29","slug":"la-catequesis-esta-llamada-a-caminar-con-toda-la-iglesia-en-clave-sinodal","status":"publish","type":"post","link":"https:\/\/radiokissnoticias.com.ar\/web\/2026\/08\/11\/la-catequesis-esta-llamada-a-caminar-con-toda-la-iglesia-en-clave-sinodal\/","title":{"rendered":"La catequesis est\u00e1 llamada a caminar con toda la Iglesia en clave sinodal"},"content":{"rendered":"<p>La Junta Diocesana de Catequesis de la di\u00f3cesis de Goya se reuni\u00f3 en la casa de retiros San Liborio, de la localidad de Solari, para evaluar el camino recorrido y proyectar nuevas acciones evangelizadoras, en sinton\u00eda con el proceso del S\u00ednodo de la Sinodalidad, que invita a vivir una Iglesia de comuni\u00f3n, participaci\u00f3n y misi\u00f3n.<\/p>\n<div>El encuentro fue presidido por el di\u00e1cono Ra\u00fal Nicoletti y cont\u00f3 con la participaci\u00f3n de los delegados de las juntas departamentales de catequesis de la di\u00f3cesis.<\/div>\n<div><\/div>\n<div>El presb\u00edtero Juan Jos\u00e9 Godoy desarroll\u00f3 una reflexi\u00f3n sobre &#8220;La misi\u00f3n del catequista&#8221;, destacando el llamado a ser disc\u00edpulos misioneros que transmitan la fe con cercan\u00eda, testimonio y esp\u00edritu de servicio, acompa\u00f1ando los procesos de iniciaci\u00f3n cristiana de ni\u00f1os, j\u00f3venes y adultos.<\/div>\n<div><\/div>\n<div>Posteriormente, los delegados departamentales presentaron un informe sobre la participaci\u00f3n de la di\u00f3cesis de Goya en el Encuentro Regional de Catequesis (ENRECA), realizado recientemente en Puerto Tirol (Chaco), donde compartieron experiencias pastorales con representantes de las di\u00f3cesis del NEA.<\/div>\n<div><\/div>\n<div>La reuni\u00f3n tambi\u00e9n permiti\u00f3 realizar un an\u00e1lisis de la realidad catequ\u00edstica en cada uno de los departamentos pastorales, evaluar los encuentros decanales y dialogar sobre los desaf\u00edos que plantea la evangelizaci\u00f3n en el contexto actual, promoviendo la escucha mutua y el discernimiento comunitario, aspectos centrales del camino sinodal impulsado por la Iglesia.<\/div>\n<div><\/div>\n<div>El coordinador del Consejo Diocesano de Pastoral, Carlos Bargas, ofreci\u00f3 una exposici\u00f3n sobre &#8220;La Biblia en la catequesis&#8221;, resaltando la centralidad de la Palabra de Dios como fuente de la acci\u00f3n evangelizadora y fundamento del anuncio catequ\u00edstico.<\/div>\n<div><\/div>\n<div>El encuentro concluy\u00f3 &#8220;renovando el compromiso de los catequistas de la di\u00f3cesis de Goya de seguir anunciando el Evangelio desde una Iglesia que camina unida, fortaleciendo la comuni\u00f3n entre las comunidades y alentando una catequesis cada vez m\u00e1s misionera, participativa y fiel al esp\u00edritu del S\u00ednodo de la Sinodalidad&#8221;, explic\u00f3 el di\u00e1cono Ruli Nicoletti.-<\/div>\n<div><\/div>\n<div>PRENSA OBISPADO DE GOYA<\/div>\n","protected":false},"excerpt":{"rendered":"<p>La Junta Diocesana de Catequesis de la di\u00f3cesis de Goya se reuni\u00f3 en la casa de retiros San Liborio, de la localidad de Solari, para evaluar el camino recorrido y proyectar nuevas acciones evangelizadoras, en sinton\u00eda con el proceso del S\u00ednodo de la Sinodalidad, que invita a vivir una Iglesia de comuni\u00f3n, participaci\u00f3n y misi\u00f3n. [&hellip;]<\/p>\n","protected":false},"author":2,"featured_media":11903,"comment_status":"open","ping_status":"open","sticky":false,"template":"","format":"standard","meta":{"footnotes":""},"categories":[77],"tags":[],"class_list":["post-11902","post","type-post","status-publish","format-standard","has-post-thumbnail","category-local"],"_links":{"self":[{"href":"https:\/\/radiokissnoticias.com.ar\/web\/wp-json\/wp\/v2\/posts\/11902","targetHints":{"allow":["GET"]}}],"collection":[{"href":"https:\/\/radiokissnoticias.com.ar\/web\/wp-json\/wp\/v2\/posts"}],"about":[{"href":"https:\/\/radiokissnoticias.com.ar\/web\/wp-json\/wp\/v2\/types\/post"}],"author":[{"embeddable":true,"href":"https:\/\/radiokissnoticias.com.ar\/web\/wp-json\/wp\/v2\/users\/2"}],"replies":[{"embeddable":true,"href":"https:\/\/radiokissnoticias.com.ar\/web\/wp-json\/wp\/v2\/comments?post=11902"}],"version-history":[{"count":2,"href":"https:\/\/radiokissnoticias.com.ar\/web\/wp-json\/wp\/v2\/posts\/11902\/revisions"}],"predecessor-version":[{"id":11905,"href":"https:\/\/radiokissnoticias.com.ar\/web\/wp-json\/wp\/v2\/posts\/11902\/revisions\/11905"}],"wp:featuredmedia":[{"embeddable":true,"href":"https:\/\/radiokissnoticias.com.ar\/web\/wp-json\/wp\/v2\/media\/11903"}],"wp:attachment":[{"href":"https:\/\/radiokissnoticias.com.ar\/web\/wp-json\/wp\/v2\/media?parent=11902"}],"wp:term":[{"taxonomy":"category","embeddable":true,"href":"https:\/\/radiokissnoticias.com.ar\/web\/wp-json\/wp\/v2\/categories?post=11902"},{"taxonomy":"post_tag","embeddable":true,"href":"https:\/\/radiokissnoticias.com.ar\/web\/wp-json\/wp\/v2\/tags?post=11902"}],"curies":[{"name":"wp","href":"https:\/\/api.w.org\/{rel}","templated":true}]}}