{"id":11896,"date":"2026-08-11T11:14:20","date_gmt":"2026-08-11T14:14:20","guid":{"rendered":"https:\/\/radiokissnoticias.com.ar\/web\/?p=11896"},"modified":"2026-08-11T11:14:20","modified_gmt":"2026-08-11T14:14:20","slug":"presentacion-del-coe-conferencia-de-prensa","status":"publish","type":"post","link":"https:\/\/radiokissnoticias.com.ar\/web\/2026\/08\/11\/presentacion-del-coe-conferencia-de-prensa\/","title":{"rendered":"PRESENTACI\u00d3N DEL COE: Conferencia de Prensa"},"content":{"rendered":"<p>Este martes a las 11 horas, en el Sal\u00f3n de Acuerdos de la Municipalidad se har\u00e1 la presentaci\u00f3n del COE Goya.<\/p>\n<p>Se invita a periodistas, comunicadores sociales, responsables de portales digitales a asistir al encuentro con los medios. Es fundamental la participaci\u00f3n, para estar preparados a la hora de comunicar con el compromiso de prevenir e informar de una manera clara, certera y objetiva.<\/p>\n<p>Se recuerda que el encuentro con los periodistas est\u00e1 programado para el martes a las 11 horas, en el Sal\u00f3n de Acuerdos de la Municipalidad.<\/p>\n<p>Direcci\u00f3n de Prensa &#8211; Municipalidad de Goya<\/p>\n","protected":false},"excerpt":{"rendered":"<p>Este martes a las 11 horas, en el Sal\u00f3n de Acuerdos de la Municipalidad se har\u00e1 la presentaci\u00f3n del COE Goya. Se invita a periodistas, comunicadores sociales, responsables de portales digitales a asistir al encuentro con los medios. Es fundamental la participaci\u00f3n, para estar preparados a la hora de comunicar con el compromiso de prevenir [&hellip;]<\/p>\n","protected":false},"author":2,"featured_media":11897,"comment_status":"open","ping_status":"open","sticky":false,"template":"","format":"standard","meta":{"footnotes":""},"categories":[77],"tags":[],"class_list":["post-11896","post","type-post","status-publish","format-standard","has-post-thumbnail","category-local"],"_links":{"self":[{"href":"https:\/\/radiokissnoticias.com.ar\/web\/wp-json\/wp\/v2\/posts\/11896","targetHints":{"allow":["GET"]}}],"collection":[{"href":"https:\/\/radiokissnoticias.com.ar\/web\/wp-json\/wp\/v2\/posts"}],"about":[{"href":"https:\/\/radiokissnoticias.com.ar\/web\/wp-json\/wp\/v2\/types\/post"}],"author":[{"embeddable":true,"href":"https:\/\/radiokissnoticias.com.ar\/web\/wp-json\/wp\/v2\/users\/2"}],"replies":[{"embeddable":true,"href":"https:\/\/radiokissnoticias.com.ar\/web\/wp-json\/wp\/v2\/comments?post=11896"}],"version-history":[{"count":1,"href":"https:\/\/radiokissnoticias.com.ar\/web\/wp-json\/wp\/v2\/posts\/11896\/revisions"}],"predecessor-version":[{"id":11898,"href":"https:\/\/radiokissnoticias.com.ar\/web\/wp-json\/wp\/v2\/posts\/11896\/revisions\/11898"}],"wp:featuredmedia":[{"embeddable":true,"href":"https:\/\/radiokissnoticias.com.ar\/web\/wp-json\/wp\/v2\/media\/11897"}],"wp:attachment":[{"href":"https:\/\/radiokissnoticias.com.ar\/web\/wp-json\/wp\/v2\/media?parent=11896"}],"wp:term":[{"taxonomy":"category","embeddable":true,"href":"https:\/\/radiokissnoticias.com.ar\/web\/wp-json\/wp\/v2\/categories?post=11896"},{"taxonomy":"post_tag","embeddable":true,"href":"https:\/\/radiokissnoticias.com.ar\/web\/wp-json\/wp\/v2\/tags?post=11896"}],"curies":[{"name":"wp","href":"https:\/\/api.w.org\/{rel}","templated":true}]}}