{"id":11883,"date":"2026-08-11T11:06:42","date_gmt":"2026-08-11T14:06:42","guid":{"rendered":"https:\/\/radiokissnoticias.com.ar\/web\/?p=11883"},"modified":"2026-08-11T11:06:42","modified_gmt":"2026-08-11T14:06:42","slug":"ipc-de-julio-consultoras-anticipan-que-la-inflacion-volveria-a-acelerarse","status":"publish","type":"post","link":"https:\/\/radiokissnoticias.com.ar\/web\/2026\/08\/11\/ipc-de-julio-consultoras-anticipan-que-la-inflacion-volveria-a-acelerarse\/","title":{"rendered":"IPC DE JULIO Consultoras anticipan que la inflaci\u00f3n volver\u00eda a acelerarse"},"content":{"rendered":"<p>El escenario coincide con las estimaciones del Relevamiento de Expectativas de Mercado (REM) del Banco Central, que proyecta para julio un IPC de entre 1,9% y 2%.<\/p>\n<div>La inflaci\u00f3n de julio se ubicar\u00eda entre 1,9% y 2,1% seg\u00fan las proyecciones de las consultoras relevadas por NA, un registro levemente superior al 1,9% de junio. El escenario coincide con las estimaciones del Relevamiento de Expectativas de Mercado (REM) del Banco Central, que proyecta para julio un IPC de entre 1,9% y 2%. Cabe recordar que el Indec publicar\u00e1 este jueves el dato oficial de inflaci\u00f3n de julio. De confirmarse, el \u00edndice nacional quedar\u00eda por debajo del 2,9% registrado en la CABA durante el mismo mes. Uno de los factores que habr\u00eda ejercido mayor presi\u00f3n sobre los precios fue el per\u00edodo de vacaciones de invierno.<\/div>\n<div>\n<div><\/div>\n<div>El movimiento tur\u00edstico gener\u00f3 aumentos en los rubros vinculados con turismo y recreaci\u00f3n, mientras que el Mundial 2026 tambi\u00e9n habr\u00eda tenido incidencia, especialmente sobre los valores de los pasajes a\u00e9reos. La consultora C&amp;T estim\u00f3 una inflaci\u00f3n similar a la de junio y se\u00f1al\u00f3 que tanto la inflaci\u00f3n n\u00facleo como los componentes estacionales mostraron una mayor incidencia, mientras que los precios regulados se mantuvieron moderados. &#8220;Como suele suceder en los meses de julio, los componentes vinculados al turismo se aceleraron por la influencia de las vacaciones de invierno, a lo que se sum\u00f3 el Mundial de f\u00fatbol, que impact\u00f3 en los pasajes de avi\u00f3n especialmente. Esto explic\u00f3 la din\u00e1mica del componente estacional&#8221;, explic\u00f3 la consultora.<\/div>\n<\/div>\n<div>\n<div><\/div>\n<div>Otro elemento que podr\u00eda haber contribuido al resultado fue el traslado parcial de la suba del d\u00f3lar registrada entre fines de junio y comienzos de julio. El tipo de cambio aument\u00f3 unos $100 durante ese per\u00edodo, un movimiento que podr\u00eda haber tenido alg\u00fan impacto sobre determinados precios. Actualmente, el Gobierno atraviesa un proceso desinflacionario marcado.<\/div>\n<\/div>\n<div>\n<div><\/div>\n<div>El \u00faltimo mal dato que tuvo que digerir fue el de marzo, cuando la inflaci\u00f3n se aceler\u00f3 al 3,4%. A partir de ah\u00ed, transit\u00f3 un camino que lo llev\u00f3 a reducir el IPC por debajo de los dos puntos, algo que no se lograba desde agosto de 2025. En concreto, el sendero tuvo una ralentizaci\u00f3n marcada: en abril fue de 2,6%, pas\u00f3 a 2,1% en mayo y cerr\u00f3 junio con 1,9%. El Gobierno espera poder continuar demostrando que la inflaci\u00f3n es una problem\u00e1tica ya resuelta y poner el ojo en otros aspectos, tanto econ\u00f3micos como pol\u00edticos en lo referido a la agenda legislativa.<\/div>\n<\/div>\n","protected":false},"excerpt":{"rendered":"<p>El escenario coincide con las estimaciones del Relevamiento de Expectativas de Mercado (REM) del Banco Central, que proyecta para julio un IPC de entre 1,9% y 2%. La inflaci\u00f3n de julio se ubicar\u00eda entre 1,9% y 2,1% seg\u00fan las proyecciones de las consultoras relevadas por NA, un registro levemente superior al 1,9% de junio. El [&hellip;]<\/p>\n","protected":false},"author":2,"featured_media":11884,"comment_status":"open","ping_status":"open","sticky":false,"template":"","format":"standard","meta":{"footnotes":""},"categories":[78],"tags":[],"class_list":["post-11883","post","type-post","status-publish","format-standard","has-post-thumbnail","category-nacional"],"_links":{"self":[{"href":"https:\/\/radiokissnoticias.com.ar\/web\/wp-json\/wp\/v2\/posts\/11883","targetHints":{"allow":["GET"]}}],"collection":[{"href":"https:\/\/radiokissnoticias.com.ar\/web\/wp-json\/wp\/v2\/posts"}],"about":[{"href":"https:\/\/radiokissnoticias.com.ar\/web\/wp-json\/wp\/v2\/types\/post"}],"author":[{"embeddable":true,"href":"https:\/\/radiokissnoticias.com.ar\/web\/wp-json\/wp\/v2\/users\/2"}],"replies":[{"embeddable":true,"href":"https:\/\/radiokissnoticias.com.ar\/web\/wp-json\/wp\/v2\/comments?post=11883"}],"version-history":[{"count":2,"href":"https:\/\/radiokissnoticias.com.ar\/web\/wp-json\/wp\/v2\/posts\/11883\/revisions"}],"predecessor-version":[{"id":11886,"href":"https:\/\/radiokissnoticias.com.ar\/web\/wp-json\/wp\/v2\/posts\/11883\/revisions\/11886"}],"wp:featuredmedia":[{"embeddable":true,"href":"https:\/\/radiokissnoticias.com.ar\/web\/wp-json\/wp\/v2\/media\/11884"}],"wp:attachment":[{"href":"https:\/\/radiokissnoticias.com.ar\/web\/wp-json\/wp\/v2\/media?parent=11883"}],"wp:term":[{"taxonomy":"category","embeddable":true,"href":"https:\/\/radiokissnoticias.com.ar\/web\/wp-json\/wp\/v2\/categories?post=11883"},{"taxonomy":"post_tag","embeddable":true,"href":"https:\/\/radiokissnoticias.com.ar\/web\/wp-json\/wp\/v2\/tags?post=11883"}],"curies":[{"name":"wp","href":"https:\/\/api.w.org\/{rel}","templated":true}]}}