{"id":11880,"date":"2026-08-10T22:45:23","date_gmt":"2026-08-11T01:45:23","guid":{"rendered":"https:\/\/radiokissnoticias.com.ar\/web\/?p=11880"},"modified":"2026-08-10T22:45:23","modified_gmt":"2026-08-11T01:45:23","slug":"este-viernes-jornada-de-asesoramiento-en-goya-de-inspeccion-gral-de-personas-juridicas","status":"publish","type":"post","link":"https:\/\/radiokissnoticias.com.ar\/web\/2026\/08\/10\/este-viernes-jornada-de-asesoramiento-en-goya-de-inspeccion-gral-de-personas-juridicas\/","title":{"rendered":"ESTE VIERNES: Jornada de Asesoramiento en Goya de Inspecci\u00f3n Gral. de Personas Jur\u00eddicas"},"content":{"rendered":"<p>La Inspecci\u00f3n General de Personas Jur\u00eddicas (IGPJ), dependiente del Ministerio de Justicia y Derechos Humanos de Corrientes, realizar\u00e1 una nueva jornada de asesoramiento en la ciudad de Goya, destinada a quienes tengan dudas o consultas vinculadas a sociedades comerciales.<\/p>\n<div>El encuentro se llevar\u00e1 a cabo el viernes 14 de agosto, a las 10,00, en la sede de la Delegaci\u00f3n del Consejo Profesional de Ciencias Econ\u00f3micas (CPCE), ubicada en Tucum\u00e1n 1.453.<\/div>\n<div><\/div>\n<div>La actividad se enmarca dentro del programa \u201cSiempre cerca\u201d, con el que el Gobierno de la Provincia de Corrientes busca acercar sus servicios a distintas localidades de la provincia, facilitando el acceso a la informaci\u00f3n y el acompa\u00f1amiento en tr\u00e1mites vinculados a la constituci\u00f3n y funcionamiento de sociedades comerciales.<\/div>\n<div><\/div>\n<div>Desde la IGPJ invitan a los vecinos y vecinas de Goya, y a profesionales del \u00e1rea contable y jur\u00eddica, a acercarse a despejar sus dudas en esta nueva edici\u00f3n de asesoramiento territorial.<\/div>\n","protected":false},"excerpt":{"rendered":"<p>La Inspecci\u00f3n General de Personas Jur\u00eddicas (IGPJ), dependiente del Ministerio de Justicia y Derechos Humanos de Corrientes, realizar\u00e1 una nueva jornada de asesoramiento en la ciudad de Goya, destinada a quienes tengan dudas o consultas vinculadas a sociedades comerciales. El encuentro se llevar\u00e1 a cabo el viernes 14 de agosto, a las 10,00, en la [&hellip;]<\/p>\n","protected":false},"author":2,"featured_media":11881,"comment_status":"open","ping_status":"open","sticky":false,"template":"","format":"standard","meta":{"footnotes":""},"categories":[77],"tags":[],"class_list":["post-11880","post","type-post","status-publish","format-standard","has-post-thumbnail","category-local"],"_links":{"self":[{"href":"https:\/\/radiokissnoticias.com.ar\/web\/wp-json\/wp\/v2\/posts\/11880","targetHints":{"allow":["GET"]}}],"collection":[{"href":"https:\/\/radiokissnoticias.com.ar\/web\/wp-json\/wp\/v2\/posts"}],"about":[{"href":"https:\/\/radiokissnoticias.com.ar\/web\/wp-json\/wp\/v2\/types\/post"}],"author":[{"embeddable":true,"href":"https:\/\/radiokissnoticias.com.ar\/web\/wp-json\/wp\/v2\/users\/2"}],"replies":[{"embeddable":true,"href":"https:\/\/radiokissnoticias.com.ar\/web\/wp-json\/wp\/v2\/comments?post=11880"}],"version-history":[{"count":1,"href":"https:\/\/radiokissnoticias.com.ar\/web\/wp-json\/wp\/v2\/posts\/11880\/revisions"}],"predecessor-version":[{"id":11882,"href":"https:\/\/radiokissnoticias.com.ar\/web\/wp-json\/wp\/v2\/posts\/11880\/revisions\/11882"}],"wp:featuredmedia":[{"embeddable":true,"href":"https:\/\/radiokissnoticias.com.ar\/web\/wp-json\/wp\/v2\/media\/11881"}],"wp:attachment":[{"href":"https:\/\/radiokissnoticias.com.ar\/web\/wp-json\/wp\/v2\/media?parent=11880"}],"wp:term":[{"taxonomy":"category","embeddable":true,"href":"https:\/\/radiokissnoticias.com.ar\/web\/wp-json\/wp\/v2\/categories?post=11880"},{"taxonomy":"post_tag","embeddable":true,"href":"https:\/\/radiokissnoticias.com.ar\/web\/wp-json\/wp\/v2\/tags?post=11880"}],"curies":[{"name":"wp","href":"https:\/\/api.w.org\/{rel}","templated":true}]}}