{"id":11868,"date":"2026-08-10T22:30:58","date_gmt":"2026-08-11T01:30:58","guid":{"rendered":"https:\/\/radiokissnoticias.com.ar\/web\/?p=11868"},"modified":"2026-08-10T22:30:58","modified_gmt":"2026-08-11T01:30:58","slug":"salud-publica-el-hospital-pediatrico-angel-de-la-guarda-de-goya-supero-las-32-mil-atenciones-en-un-ano","status":"publish","type":"post","link":"https:\/\/radiokissnoticias.com.ar\/web\/2026\/08\/10\/salud-publica-el-hospital-pediatrico-angel-de-la-guarda-de-goya-supero-las-32-mil-atenciones-en-un-ano\/","title":{"rendered":"SALUD P\u00daBLICA: El Hospital Pedi\u00e1trico &#8220;\u00c1ngel de la Guarda&#8221; de Goya super\u00f3 las 32 mil atenciones en un a\u00f1o"},"content":{"rendered":"<p>La instituci\u00f3n cumple su primer aniversario y desde la Direcci\u00f3n del centro de salud detallaron los servicios m\u00e1s requeridos. Adem\u00e1s, comentaron que habr\u00e1 un acto conmemorativo el 21 de agosto.<\/p>\n<div><img loading=\"lazy\" decoding=\"async\" class=\"\" src=\"https:\/\/www.powernoticias.com\/images\/202608102031094383\" width=\"423\" height=\"564\" \/><\/div>\n<div id=\"modalFulltext\">El Hospital Pedi\u00e1trico &#8220;\u00c1ngel de la Guarda&#8221; de Goya cumple este martes 11 su primer aniversario. En estos meses, superaron las 32 mil atenciones en diferentes especialidades. A esto se suman las internaciones y el \u00e1rea de Emergencia.<\/p>\n<p>El ministro de Salud P\u00fablica de la Provincia, Emilio Lanari, remarc\u00f3 la importancia de este nosocomio en la regi\u00f3n y el compromiso del personal con la salud pedi\u00e1trica.<\/p>\n<p>En cuanto a las especialidades, detallaron desde la Direcci\u00f3n de la instituci\u00f3n que, la que mayor demanda tuvo, fue Cl\u00ednica Pedi\u00e1trica seguido por Psicolog\u00eda y Fonoaudiolog\u00eda, adem\u00e1s de Otorrinolaringolog\u00eda y Psicopedagog\u00eda. Tambi\u00e9n, cuentan con servicio de cardiolog\u00eda, neumonolog\u00eda, neurolog\u00eda y ecograf\u00eda.<\/p>\n<p>Si bien casi el 70% de las atenciones fue de ni\u00f1os y adolescentes de Goya, indicaron que tambi\u00e9n recibieron pacientes de Lavalle, Gobernador Mart\u00ednez, Perugorria, Colonia Carolina, Santa Lucia, Esquina y Bella Vista, entre otros. A su vez, respecto a internaciones precisaron que por \u00e1rea de Emergencia fueron 1236 y Pediatr\u00eda 833.<\/p>\n<p>&#8220;Entre las operaciones que se pueden destacar se encuentran las programadas de otorrinolaringolog\u00eda y amigdalectom\u00eda&#8221;, dijo la directora del Hospital, Valeria Agostina Heine.<\/p>\n<p>La instituci\u00f3n fue consolidada como un proyecto clave para fortalecer la infraestructura de atenci\u00f3n m\u00e9dica infantil en la regi\u00f3n.<\/p>\n<p>El 21 de agosto, habr\u00e1 un acto conmemorativo a partir de las 8 horas en el Auditorio del Hospital zonal, ubicado en avenida Mazzanti N\u00b0550. La actividad, contar\u00e1 con un cronograma que combina instancias de formaci\u00f3n m\u00e9dica y propuestas abiertas a la comunidad.<\/p>\n<\/div>\n<div>\n<div id=\"117986-4\"><\/div>\n<\/div>\n","protected":false},"excerpt":{"rendered":"<p>La instituci\u00f3n cumple su primer aniversario y desde la Direcci\u00f3n del centro de salud detallaron los servicios m\u00e1s requeridos. Adem\u00e1s, comentaron que habr\u00e1 un acto conmemorativo el 21 de agosto. El Hospital Pedi\u00e1trico &#8220;\u00c1ngel de la Guarda&#8221; de Goya cumple este martes 11 su primer aniversario. En estos meses, superaron las 32 mil atenciones en [&hellip;]<\/p>\n","protected":false},"author":2,"featured_media":11869,"comment_status":"open","ping_status":"open","sticky":false,"template":"","format":"standard","meta":{"footnotes":""},"categories":[77],"tags":[],"class_list":["post-11868","post","type-post","status-publish","format-standard","has-post-thumbnail","category-local"],"_links":{"self":[{"href":"https:\/\/radiokissnoticias.com.ar\/web\/wp-json\/wp\/v2\/posts\/11868","targetHints":{"allow":["GET"]}}],"collection":[{"href":"https:\/\/radiokissnoticias.com.ar\/web\/wp-json\/wp\/v2\/posts"}],"about":[{"href":"https:\/\/radiokissnoticias.com.ar\/web\/wp-json\/wp\/v2\/types\/post"}],"author":[{"embeddable":true,"href":"https:\/\/radiokissnoticias.com.ar\/web\/wp-json\/wp\/v2\/users\/2"}],"replies":[{"embeddable":true,"href":"https:\/\/radiokissnoticias.com.ar\/web\/wp-json\/wp\/v2\/comments?post=11868"}],"version-history":[{"count":1,"href":"https:\/\/radiokissnoticias.com.ar\/web\/wp-json\/wp\/v2\/posts\/11868\/revisions"}],"predecessor-version":[{"id":11870,"href":"https:\/\/radiokissnoticias.com.ar\/web\/wp-json\/wp\/v2\/posts\/11868\/revisions\/11870"}],"wp:featuredmedia":[{"embeddable":true,"href":"https:\/\/radiokissnoticias.com.ar\/web\/wp-json\/wp\/v2\/media\/11869"}],"wp:attachment":[{"href":"https:\/\/radiokissnoticias.com.ar\/web\/wp-json\/wp\/v2\/media?parent=11868"}],"wp:term":[{"taxonomy":"category","embeddable":true,"href":"https:\/\/radiokissnoticias.com.ar\/web\/wp-json\/wp\/v2\/categories?post=11868"},{"taxonomy":"post_tag","embeddable":true,"href":"https:\/\/radiokissnoticias.com.ar\/web\/wp-json\/wp\/v2\/tags?post=11868"}],"curies":[{"name":"wp","href":"https:\/\/api.w.org\/{rel}","templated":true}]}}