{"id":11807,"date":"2026-08-10T10:26:11","date_gmt":"2026-08-10T13:26:11","guid":{"rendered":"https:\/\/radiokissnoticias.com.ar\/web\/?p=11807"},"modified":"2026-08-10T10:26:11","modified_gmt":"2026-08-10T13:26:11","slug":"capacitacion-y-reconocimiento-a-la-trayectoria-marcaron-una-jornada-de-los-bomberos-voluntarios-de-corrientes","status":"publish","type":"post","link":"https:\/\/radiokissnoticias.com.ar\/web\/2026\/08\/10\/capacitacion-y-reconocimiento-a-la-trayectoria-marcaron-una-jornada-de-los-bomberos-voluntarios-de-corrientes\/","title":{"rendered":"Capacitaci\u00f3n y reconocimiento a la trayectoria marcaron una jornada de los Bomberos Voluntarios de Corrientes"},"content":{"rendered":"<p>La Federaci\u00f3n Correntina de Asociaciones de Bomberos Voluntarios llev\u00f3 adelante una nueva instancia de formaci\u00f3n destinada al fortalecimiento institucional, al tiempo que rindi\u00f3 homenaje a quienes contribuyeron al desarrollo de la Academia Provincial de Capacitaci\u00f3n. Fue reconocida la trayectoria del comandante mayor Julio Cesar Bejarano de Goya.<\/p>\n<p>La informaci\u00f3n fue difundida a trav\u00e9s de la p\u00e1gina oficial de la Federaci\u00f3n Correntina de Asociaciones de Bomberos Voluntarios, donde se destac\u00f3 la realizaci\u00f3n de la capacitaci\u00f3n &#8220;Dirigencia Institucional y Planificaci\u00f3n Estrat\u00e9gica&#8221;, desarrollada el pasado s\u00e1bado y dictada por el comandante general Osvaldo Luis Lori.<\/p>\n<p>La jornada estuvo orientada a fortalecer las capacidades de conducci\u00f3n y gesti\u00f3n dentro de las instituciones bomberiles. Durante el encuentro se abordaron herramientas vinculadas al liderazgo institucional, la planificaci\u00f3n estrat\u00e9gica, la gesti\u00f3n eficiente y la toma de decisiones, con el prop\u00f3sito de consolidar una dirigencia cada vez m\u00e1s preparada y comprometida con el crecimiento del Sistema Nacional de Bomberos Voluntarios.<\/p>\n<p>Desde la organizaci\u00f3n expresaron su agradecimiento al comandante general Osvaldo Luis Lori por compartir su experiencia y conocimientos, as\u00ed como a la Federaci\u00f3n de Asociaciones de Bomberos Voluntarios de la Provincia de Buenos Aires por acompa\u00f1ar esta importante instancia de formaci\u00f3n, reafirmando el compromiso de trabajar &#8220;unidos para servir, organizados para crecer&#8221;.<\/p>\n<p>En el marco de la misma jornada tambi\u00e9n se llev\u00f3 a cabo un emotivo reconocimiento a quienes estuvieron al frente de la Academia Provincial de Capacitaci\u00f3n, destacando su compromiso y el valioso aporte realizado a la formaci\u00f3n de generaciones de bomberos voluntarios.<\/p>\n<p>En la oportunidad qued\u00f3 inaugurada la Galer\u00eda de Directores de la Academia Provincial de Capacitaci\u00f3n, un espacio que re\u00fane las fotograf\u00edas de quienes desempe\u00f1aron esa responsabilidad junto con los respectivos per\u00edodos de gesti\u00f3n. Adem\u00e1s, se entregaron distinciones a los exdirectores o, en su caso, a sus familiares.<\/p>\n<p>Los homenajeados fueron Miguel A. Ramos, Osvaldo Montanar, Jos\u00e9 Savoia, Alicia Velasco y el comandante mayor Julio C\u00e9sar Bejarano.<\/p>\n<p>ORGULLO GOYANO<\/p>\n<p>Especial significado tuvo el reconocimiento al comandante mayor Julio C\u00e9sar Bejarano, integrante del cuerpo activo de los Bomberos Voluntarios de Goya, quien cuenta con m\u00e1s de 45 a\u00f1os de servicio ininterrumpido dentro de la instituci\u00f3n. Su extensa trayectoria y reconocido prestigio en el \u00e1mbito de la capacitaci\u00f3n bomberil lo convirtieron en una de las figuras m\u00e1s destacadas de la Academia Provincial.<\/p>\n<p>A lo largo de su carrera, Bejarano particip\u00f3 como instructor y capacitador no solo en distintos puntos del pa\u00eds, sino tambi\u00e9n en el exterior, contribuyendo a la formaci\u00f3n de cientos de bomberos voluntarios. Esa labor le vali\u00f3, en su momento, el reconocimiento de la Confederaci\u00f3n Argentina de Asociaciones de Bomberos Voluntarios, distinci\u00f3n que reafirma su compromiso con la profesionalizaci\u00f3n del servicio.<\/p>\n<p>Para la comunidad de Goya, este homenaje representa un motivo de orgullo, al reconocer la dedicaci\u00f3n y el legado de uno de sus bomberos m\u00e1s destacados, cuya vocaci\u00f3n de servicio ha trascendido las fronteras de la provincia y del pa\u00eds.<\/p>\n","protected":false},"excerpt":{"rendered":"<p>La Federaci\u00f3n Correntina de Asociaciones de Bomberos Voluntarios llev\u00f3 adelante una nueva instancia de formaci\u00f3n destinada al fortalecimiento institucional, al tiempo que rindi\u00f3 homenaje a quienes contribuyeron al desarrollo de la Academia Provincial de Capacitaci\u00f3n. Fue reconocida la trayectoria del comandante mayor Julio Cesar Bejarano de Goya. La informaci\u00f3n fue difundida a trav\u00e9s de la [&hellip;]<\/p>\n","protected":false},"author":2,"featured_media":11808,"comment_status":"open","ping_status":"open","sticky":false,"template":"","format":"standard","meta":{"footnotes":""},"categories":[79],"tags":[],"class_list":["post-11807","post","type-post","status-publish","format-standard","has-post-thumbnail","category-provincia"],"_links":{"self":[{"href":"https:\/\/radiokissnoticias.com.ar\/web\/wp-json\/wp\/v2\/posts\/11807","targetHints":{"allow":["GET"]}}],"collection":[{"href":"https:\/\/radiokissnoticias.com.ar\/web\/wp-json\/wp\/v2\/posts"}],"about":[{"href":"https:\/\/radiokissnoticias.com.ar\/web\/wp-json\/wp\/v2\/types\/post"}],"author":[{"embeddable":true,"href":"https:\/\/radiokissnoticias.com.ar\/web\/wp-json\/wp\/v2\/users\/2"}],"replies":[{"embeddable":true,"href":"https:\/\/radiokissnoticias.com.ar\/web\/wp-json\/wp\/v2\/comments?post=11807"}],"version-history":[{"count":1,"href":"https:\/\/radiokissnoticias.com.ar\/web\/wp-json\/wp\/v2\/posts\/11807\/revisions"}],"predecessor-version":[{"id":11809,"href":"https:\/\/radiokissnoticias.com.ar\/web\/wp-json\/wp\/v2\/posts\/11807\/revisions\/11809"}],"wp:featuredmedia":[{"embeddable":true,"href":"https:\/\/radiokissnoticias.com.ar\/web\/wp-json\/wp\/v2\/media\/11808"}],"wp:attachment":[{"href":"https:\/\/radiokissnoticias.com.ar\/web\/wp-json\/wp\/v2\/media?parent=11807"}],"wp:term":[{"taxonomy":"category","embeddable":true,"href":"https:\/\/radiokissnoticias.com.ar\/web\/wp-json\/wp\/v2\/categories?post=11807"},{"taxonomy":"post_tag","embeddable":true,"href":"https:\/\/radiokissnoticias.com.ar\/web\/wp-json\/wp\/v2\/tags?post=11807"}],"curies":[{"name":"wp","href":"https:\/\/api.w.org\/{rel}","templated":true}]}}