{"id":11804,"date":"2026-08-10T10:21:16","date_gmt":"2026-08-10T13:21:16","guid":{"rendered":"https:\/\/radiokissnoticias.com.ar\/web\/?p=11804"},"modified":"2026-08-10T10:21:16","modified_gmt":"2026-08-10T13:21:16","slug":"en-posadas-gobernadores-participaran-de-una-nueva-cumbre-del-norte-grande","status":"publish","type":"post","link":"https:\/\/radiokissnoticias.com.ar\/web\/2026\/08\/10\/en-posadas-gobernadores-participaran-de-una-nueva-cumbre-del-norte-grande\/","title":{"rendered":"EN POSADAS: Gobernadores participar\u00e1n de una nueva cumbre del Norte Grande"},"content":{"rendered":"<p>La reuni\u00f3n de los diez mandatarios que forman el bloque est\u00e1 programada para este mi\u00e9rcoles en la vecina capital de Misiones.<\/p>\n<p>La Cumbre del Norte Grande en Posadas que se realizar\u00e1 el pr\u00f3ximo mi\u00e9rcoles en la ciudad de Posadas, unificar\u00e1 los reclamos de las provincias frente a la Naci\u00f3n por la quita de fondos federales y la urgencia de sostener las obras p\u00fablicas estrat\u00e9gicas. Seg\u00fan se supo la semana pasada, en este foro, el gobernador de Corrientes Juan Pablo Vald\u00e9s buscar\u00e1 superar la discusi\u00f3n inmediata para abrir un frente legislativo enfocado en energ\u00eda y log\u00edstica, sumando adem\u00e1s propuestas clave en salud y vivienda.<\/p>\n<p>Entre los temas previstos figuran la infraestructura, el financiamiento provincial y la energ\u00eda, una agenda que los mandatarios provinciales vienen consolidando desde las reuniones realizadas durante el a\u00f1o. En ese marco, Corrientes llegar\u00e1 con un planteo concreto. &#8220;El d\u00eda 12 de agosto por la ma\u00f1ana hay una cumbre, as\u00ed que si Dios quiere vamos a estar por ah\u00ed tambi\u00e9n&#8221;, hab\u00eda se\u00f1alado Vald\u00e9s al confirmar su participaci\u00f3n en el encuentro. Respecto de los objetivos, explic\u00f3 que la prioridad ser\u00e1 insistir con un reclamo que los gobernadores vienen construyendo de manera conjunta. &#8220;Hablamos del precio de la log\u00edstica y de un reclamo que venimos haciendo desde el Norte Grande, que es el costo de la distribuci\u00f3n de la electricidad&#8221;, sostuvo. La apuesta pol\u00edtica consiste en avanzar con una herramienta legislativa que replique el esquema utilizado para las provincias alcanzadas por la denominada Ley de Zona Fr\u00eda. &#8220;Vamos a buscar tener una tarifa diferenciada a trav\u00e9s de una ley, como es la ley de zona fr\u00eda. Vamos a estar presentando el proyecto el 12 y despu\u00e9s vamos a trabajar para tratar de convertirlo en ley&#8221;, asegur\u00f3.<\/p>\n<p>La iniciativa apunta a corregir una desigualdad estructural que afecta la competitividad regional y el bolsillo de los usuarios. &#8220;Toda la zona tenga una quita en lo que significa ese costo y que le pueda permitir a todos los habitantes del Norte Grande mejorar as\u00ed la tarifa&#8221;, sostuvo.<\/p>\n<p>Tambi\u00e9n se esperan otros reclamos regionales vinculados con el costo del transporte, la log\u00edstica y la infraestructura, temas que los gobernadores consideran centrales para equilibrar las condiciones de desarrollo entre el norte y el centro del pa\u00eds.<\/p>\n<p>La agenda econ\u00f3mica continuar\u00e1 un d\u00eda despu\u00e9s con otro expediente que Corrientes considera estrat\u00e9gico: la audiencia vinculada con la adjudicaci\u00f3n del Corredor Belgrano. &#8220;La Naci\u00f3n busca adjudicar el Corredor Belgrano y darle un anexo a este otro tramo que es la avenida 3 de Abril&#8221;, explic\u00f3 Vald\u00e9s quien volvi\u00f3 a marcar que la prioridad es alcanzar una definici\u00f3n que permita destrabar una obra clave para la circulaci\u00f3n urbana y regional.<\/p>\n","protected":false},"excerpt":{"rendered":"<p>La reuni\u00f3n de los diez mandatarios que forman el bloque est\u00e1 programada para este mi\u00e9rcoles en la vecina capital de Misiones. La Cumbre del Norte Grande en Posadas que se realizar\u00e1 el pr\u00f3ximo mi\u00e9rcoles en la ciudad de Posadas, unificar\u00e1 los reclamos de las provincias frente a la Naci\u00f3n por la quita de fondos federales [&hellip;]<\/p>\n","protected":false},"author":2,"featured_media":11805,"comment_status":"open","ping_status":"open","sticky":false,"template":"","format":"standard","meta":{"footnotes":""},"categories":[81],"tags":[],"class_list":["post-11804","post","type-post","status-publish","format-standard","has-post-thumbnail","category-politica"],"_links":{"self":[{"href":"https:\/\/radiokissnoticias.com.ar\/web\/wp-json\/wp\/v2\/posts\/11804","targetHints":{"allow":["GET"]}}],"collection":[{"href":"https:\/\/radiokissnoticias.com.ar\/web\/wp-json\/wp\/v2\/posts"}],"about":[{"href":"https:\/\/radiokissnoticias.com.ar\/web\/wp-json\/wp\/v2\/types\/post"}],"author":[{"embeddable":true,"href":"https:\/\/radiokissnoticias.com.ar\/web\/wp-json\/wp\/v2\/users\/2"}],"replies":[{"embeddable":true,"href":"https:\/\/radiokissnoticias.com.ar\/web\/wp-json\/wp\/v2\/comments?post=11804"}],"version-history":[{"count":1,"href":"https:\/\/radiokissnoticias.com.ar\/web\/wp-json\/wp\/v2\/posts\/11804\/revisions"}],"predecessor-version":[{"id":11806,"href":"https:\/\/radiokissnoticias.com.ar\/web\/wp-json\/wp\/v2\/posts\/11804\/revisions\/11806"}],"wp:featuredmedia":[{"embeddable":true,"href":"https:\/\/radiokissnoticias.com.ar\/web\/wp-json\/wp\/v2\/media\/11805"}],"wp:attachment":[{"href":"https:\/\/radiokissnoticias.com.ar\/web\/wp-json\/wp\/v2\/media?parent=11804"}],"wp:term":[{"taxonomy":"category","embeddable":true,"href":"https:\/\/radiokissnoticias.com.ar\/web\/wp-json\/wp\/v2\/categories?post=11804"},{"taxonomy":"post_tag","embeddable":true,"href":"https:\/\/radiokissnoticias.com.ar\/web\/wp-json\/wp\/v2\/tags?post=11804"}],"curies":[{"name":"wp","href":"https:\/\/api.w.org\/{rel}","templated":true}]}}