{"id":11798,"date":"2026-08-10T10:14:39","date_gmt":"2026-08-10T13:14:39","guid":{"rendered":"https:\/\/radiokissnoticias.com.ar\/web\/?p=11798"},"modified":"2026-08-10T10:14:39","modified_gmt":"2026-08-10T13:14:39","slug":"monsenor-canecin-acompano-el-encuentro-regional-de-equipos-diocesanos-de-laicos","status":"publish","type":"post","link":"https:\/\/radiokissnoticias.com.ar\/web\/2026\/08\/10\/monsenor-canecin-acompano-el-encuentro-regional-de-equipos-diocesanos-de-laicos\/","title":{"rendered":"Monse\u00f1or Canec\u00edn acompa\u00f1\u00f3 el Encuentro Regional de Equipos Diocesanos de Laicos"},"content":{"rendered":"<p>Con el prop\u00f3sito de fortalecer la comuni\u00f3n, la participaci\u00f3n y la misi\u00f3n de los fieles laicos, se realiz\u00f3 el s\u00e1bado 8 de agosto en la ciudad de Corrientes el Encuentro Regional de Equipos Diocesanos de Laicos del Nordeste Argentino (NEA), del que particip\u00f3 el obispo de Goya y asesor del Secretariado para los Laicos, monse\u00f1or Adolfo Ram\u00f3n Canec\u00edn.<\/p>\n<div>La jornada reuni\u00f3 a representantes de las distintas di\u00f3cesis de la regi\u00f3n y cont\u00f3 con el acompa\u00f1amiento del director nacional del SEPLAI, Gustavo Vivona, y del delegado regional, Cristian Bernachea.<\/div>\n<div><\/div>\n<div>Durante el encuentro se comparti\u00f3 el camino pastoral que viene desarrollando el organismo y se reflexion\u00f3 sobre la vocaci\u00f3n y misi\u00f3n de los laicos, el estilo sinodal de la Iglesia y las propuestas contenidas en el Documento Final del S\u00ednodo.<\/div>\n<div><\/div>\n<div>Los participantes intercambiaron experiencias, analizaron las realidades de las di\u00f3cesis del NEA y renovaron el compromiso de trabajar en comuni\u00f3n para responder a los desaf\u00edos de la evangelizaci\u00f3n.<\/div>\n<div><\/div>\n<div>La jornada concluy\u00f3 con la celebraci\u00f3n de la Eucarist\u00eda, la entrega de presentes y el compromiso de acompa\u00f1ar con la oraci\u00f3n y el trabajo pastoral la preparaci\u00f3n y la visita del Santo Padre Le\u00f3n XIV a la Argentina.<\/div>\n<div><\/div>\n<div>El encuentro permiti\u00f3 renovar la alegr\u00eda de caminar juntos y reafirm\u00f3 el compromiso de seguir fortaleciendo el protagonismo de los laicos en la vida y la misi\u00f3n de la Iglesia. +<\/div>\n<div><\/div>\n<div>PRENSA OBISPADO DE GOYA<\/div>\n","protected":false},"excerpt":{"rendered":"<p>Con el prop\u00f3sito de fortalecer la comuni\u00f3n, la participaci\u00f3n y la misi\u00f3n de los fieles laicos, se realiz\u00f3 el s\u00e1bado 8 de agosto en la ciudad de Corrientes el Encuentro Regional de Equipos Diocesanos de Laicos del Nordeste Argentino (NEA), del que particip\u00f3 el obispo de Goya y asesor del Secretariado para los Laicos, monse\u00f1or [&hellip;]<\/p>\n","protected":false},"author":2,"featured_media":11799,"comment_status":"open","ping_status":"open","sticky":false,"template":"","format":"standard","meta":{"footnotes":""},"categories":[77],"tags":[],"class_list":["post-11798","post","type-post","status-publish","format-standard","has-post-thumbnail","category-local"],"_links":{"self":[{"href":"https:\/\/radiokissnoticias.com.ar\/web\/wp-json\/wp\/v2\/posts\/11798","targetHints":{"allow":["GET"]}}],"collection":[{"href":"https:\/\/radiokissnoticias.com.ar\/web\/wp-json\/wp\/v2\/posts"}],"about":[{"href":"https:\/\/radiokissnoticias.com.ar\/web\/wp-json\/wp\/v2\/types\/post"}],"author":[{"embeddable":true,"href":"https:\/\/radiokissnoticias.com.ar\/web\/wp-json\/wp\/v2\/users\/2"}],"replies":[{"embeddable":true,"href":"https:\/\/radiokissnoticias.com.ar\/web\/wp-json\/wp\/v2\/comments?post=11798"}],"version-history":[{"count":1,"href":"https:\/\/radiokissnoticias.com.ar\/web\/wp-json\/wp\/v2\/posts\/11798\/revisions"}],"predecessor-version":[{"id":11800,"href":"https:\/\/radiokissnoticias.com.ar\/web\/wp-json\/wp\/v2\/posts\/11798\/revisions\/11800"}],"wp:featuredmedia":[{"embeddable":true,"href":"https:\/\/radiokissnoticias.com.ar\/web\/wp-json\/wp\/v2\/media\/11799"}],"wp:attachment":[{"href":"https:\/\/radiokissnoticias.com.ar\/web\/wp-json\/wp\/v2\/media?parent=11798"}],"wp:term":[{"taxonomy":"category","embeddable":true,"href":"https:\/\/radiokissnoticias.com.ar\/web\/wp-json\/wp\/v2\/categories?post=11798"},{"taxonomy":"post_tag","embeddable":true,"href":"https:\/\/radiokissnoticias.com.ar\/web\/wp-json\/wp\/v2\/tags?post=11798"}],"curies":[{"name":"wp","href":"https:\/\/api.w.org\/{rel}","templated":true}]}}