{"id":11795,"date":"2026-08-10T10:11:43","date_gmt":"2026-08-10T13:11:43","guid":{"rendered":"https:\/\/radiokissnoticias.com.ar\/web\/?p=11795"},"modified":"2026-08-10T10:11:43","modified_gmt":"2026-08-10T13:11:43","slug":"pobladores-de-zonas-rurales-continuan-recibiendo-atencion-medica-municipal","status":"publish","type":"post","link":"https:\/\/radiokissnoticias.com.ar\/web\/2026\/08\/10\/pobladores-de-zonas-rurales-continuan-recibiendo-atencion-medica-municipal\/","title":{"rendered":"Pobladores de zonas rurales continuan recibiendo atencion medica municipal"},"content":{"rendered":"<p>La Municipalidad de Goya junto a la provincia desplegar\u00e1n este martes y jueves operativos m\u00e9dico asistencial en los parajes Costa Batel y San Ram\u00f3n el Bajo, respectivamente.<\/p>\n<p>MARTES 11: El equipo de salud de la Municipalidad de Goya, compuesto por m\u00e9dico, enfermeros, agentes sanitarios y personal de farmacia brindaran la atenci\u00f3n respectiva, en Costa Batel, domicilio de Tete Varela, a partir de las 9 horas<\/p>\n<p>El dispositivo se completa con la presencia del personal de la Delegaci\u00f3n Goya de Desarrollo Social, que se encargar\u00e1 de la distribuci\u00f3n de m\u00f3dulos alimentarios, la provisi\u00f3n de bio potabilizadores de agua y semillas del programa Jakaru Pora 2.0<\/p>\n<p>JUEVES 14: Id\u00e9ntico dispositivo se realizar\u00e1 el jueves 14, desde las 9 horas, en la 3\u00aa Secci\u00f3n Paraje San Ram\u00f3n el Bajo<\/p>\n<p>Direcci\u00f3n de Prensa-Municipalidad de Goya<\/p>\n","protected":false},"excerpt":{"rendered":"<p>La Municipalidad de Goya junto a la provincia desplegar\u00e1n este martes y jueves operativos m\u00e9dico asistencial en los parajes Costa Batel y San Ram\u00f3n el Bajo, respectivamente. MARTES 11: El equipo de salud de la Municipalidad de Goya, compuesto por m\u00e9dico, enfermeros, agentes sanitarios y personal de farmacia brindaran la atenci\u00f3n respectiva, en Costa Batel, [&hellip;]<\/p>\n","protected":false},"author":2,"featured_media":11796,"comment_status":"open","ping_status":"open","sticky":false,"template":"","format":"standard","meta":{"footnotes":""},"categories":[77],"tags":[],"class_list":["post-11795","post","type-post","status-publish","format-standard","has-post-thumbnail","category-local"],"_links":{"self":[{"href":"https:\/\/radiokissnoticias.com.ar\/web\/wp-json\/wp\/v2\/posts\/11795","targetHints":{"allow":["GET"]}}],"collection":[{"href":"https:\/\/radiokissnoticias.com.ar\/web\/wp-json\/wp\/v2\/posts"}],"about":[{"href":"https:\/\/radiokissnoticias.com.ar\/web\/wp-json\/wp\/v2\/types\/post"}],"author":[{"embeddable":true,"href":"https:\/\/radiokissnoticias.com.ar\/web\/wp-json\/wp\/v2\/users\/2"}],"replies":[{"embeddable":true,"href":"https:\/\/radiokissnoticias.com.ar\/web\/wp-json\/wp\/v2\/comments?post=11795"}],"version-history":[{"count":1,"href":"https:\/\/radiokissnoticias.com.ar\/web\/wp-json\/wp\/v2\/posts\/11795\/revisions"}],"predecessor-version":[{"id":11797,"href":"https:\/\/radiokissnoticias.com.ar\/web\/wp-json\/wp\/v2\/posts\/11795\/revisions\/11797"}],"wp:featuredmedia":[{"embeddable":true,"href":"https:\/\/radiokissnoticias.com.ar\/web\/wp-json\/wp\/v2\/media\/11796"}],"wp:attachment":[{"href":"https:\/\/radiokissnoticias.com.ar\/web\/wp-json\/wp\/v2\/media?parent=11795"}],"wp:term":[{"taxonomy":"category","embeddable":true,"href":"https:\/\/radiokissnoticias.com.ar\/web\/wp-json\/wp\/v2\/categories?post=11795"},{"taxonomy":"post_tag","embeddable":true,"href":"https:\/\/radiokissnoticias.com.ar\/web\/wp-json\/wp\/v2\/tags?post=11795"}],"curies":[{"name":"wp","href":"https:\/\/api.w.org\/{rel}","templated":true}]}}