{"id":11784,"date":"2026-08-10T09:55:43","date_gmt":"2026-08-10T12:55:43","guid":{"rendered":"https:\/\/radiokissnoticias.com.ar\/web\/?p=11784"},"modified":"2026-08-10T09:55:43","modified_gmt":"2026-08-10T12:55:43","slug":"siete-meses-en-baja-el-consumo-no-repunta-las-ventas-minoristas-se-retrajeron-38","status":"publish","type":"post","link":"https:\/\/radiokissnoticias.com.ar\/web\/2026\/08\/10\/siete-meses-en-baja-el-consumo-no-repunta-las-ventas-minoristas-se-retrajeron-38\/","title":{"rendered":"SIETE MESES EN BAJA El consumo no repunta: las ventas minoristas se retrajeron 3,8%"},"content":{"rendered":"<p>El fin del impacto del aguinaldo y las tarifas invernales profundizaron la cautela del consumidor. Seis de los siete rubros relevados sufrieron bajas<\/p>\n<div>Las ventas minoristas pyme registraron un descenso interanual del 3,8% durante el mes de julio, marcando adem\u00e1s un retroceso intermensual del 2,1% y un acumulado negativo del 2,7% en los primeros siete meses del a\u00f1o, seg\u00fan el \u00faltimo reporte de la Confederaci\u00f3n Argentina de la Mediana Empresa (CAME). El retroceso en la medici\u00f3n interanual obedeci\u00f3 al agotamiento de la liquidez extraordinaria aportada por el aguinaldo en el mes anterior, cuya ausencia, combinada con la mayor incidencia de las tarifas de servicios sobre el presupuesto familiar, profundiz\u00f3 la cautela del consumidor.<\/div>\n<div>\n<div><\/div>\n<div>Este escenario, seg\u00fan pudo saber NA, deriv\u00f3 en una demanda defensiva que acot\u00f3 el consumo a la adquisici\u00f3n de bienes indispensables de la canasta b\u00e1sica, f\u00e1rmacos recetados e insumos de reposici\u00f3n inmediata, postergando la compra de bienes durables, indumentaria y productos de mayor valor unitario. En lo que respecta a la percepci\u00f3n cualitativa sobre el estado del negocio, el 48,1% de los comerciantes consultados sostuvo que su nivel de actividad &#8220;se mantuvo estable con relaci\u00f3n al mismo per\u00edodo del a\u00f1o anterior&#8221;, evidenciando un descenso de dos puntos porcentuales en comparaci\u00f3n con junio.<\/div>\n<\/div>\n<div><\/div>\n<div>\n<div>\n<div>Esta retracci\u00f3n en la lectura neutral se tradujo en un incremento de las valoraciones pesimistas, observ\u00e1ndose que la proporci\u00f3n de comercios que defini\u00f3 su escenario operativo como &#8220;desfavorable&#8221; ascendi\u00f3 del 43,1% al 44,5%. Respecto a las decisiones de financiamiento, el 61,5% de los locales juzg\u00f3 que la coyuntura resulta &#8220;desfavorable para concretar nuevas inversiones de capital&#8221;, en tanto que el 14% la consider\u00f3 &#8220;oportuna&#8221; y el 24,5% opt\u00f3 por no fijar posici\u00f3n.<\/div>\n<\/div>\n<div>\n<div><\/div>\n<div>En el desglose sectorial, seis de las siete actividades relevadas mostraron retrocesos en la comparaci\u00f3n interanual, concentr\u00e1ndose las mayores ca\u00eddas en &#8220;Textil e indumentaria&#8221; (-5,6%), &#8220;Bazar, decoraci\u00f3n, textiles para el hogar y muebles&#8221; (-5,5%) y &#8220;Alimentos y bebidas&#8221; (-5,4%), mientras que la \u00fanica excepci\u00f3n positiva se registr\u00f3 en &#8220;Ferreter\u00eda, materiales el\u00e9ctricos y materiales para la construcci\u00f3n&#8221; (+1%). Asimismo, el informe de CAME detect\u00f3 que las ventas online realizadas por comercios con local a la calle tuvieron un incremento interanual del 14,9%. Ante este panorama de m\u00e1rgenes comprimidos por alzas en costos de reposici\u00f3n y el encarecimiento log\u00edstico, el empresariado pyme sostuvo una postura de cautela financiera, congelando planes de inversi\u00f3n para priorizar el sostenimiento del flujo operativo.<\/div>\n<\/div>\n<\/div>\n<div><\/div>\n<div><\/div>\n","protected":false},"excerpt":{"rendered":"<p>El fin del impacto del aguinaldo y las tarifas invernales profundizaron la cautela del consumidor. Seis de los siete rubros relevados sufrieron bajas Las ventas minoristas pyme registraron un descenso interanual del 3,8% durante el mes de julio, marcando adem\u00e1s un retroceso intermensual del 2,1% y un acumulado negativo del 2,7% en los primeros siete [&hellip;]<\/p>\n","protected":false},"author":2,"featured_media":11785,"comment_status":"open","ping_status":"open","sticky":false,"template":"","format":"standard","meta":{"footnotes":""},"categories":[78],"tags":[],"class_list":["post-11784","post","type-post","status-publish","format-standard","has-post-thumbnail","category-nacional"],"_links":{"self":[{"href":"https:\/\/radiokissnoticias.com.ar\/web\/wp-json\/wp\/v2\/posts\/11784","targetHints":{"allow":["GET"]}}],"collection":[{"href":"https:\/\/radiokissnoticias.com.ar\/web\/wp-json\/wp\/v2\/posts"}],"about":[{"href":"https:\/\/radiokissnoticias.com.ar\/web\/wp-json\/wp\/v2\/types\/post"}],"author":[{"embeddable":true,"href":"https:\/\/radiokissnoticias.com.ar\/web\/wp-json\/wp\/v2\/users\/2"}],"replies":[{"embeddable":true,"href":"https:\/\/radiokissnoticias.com.ar\/web\/wp-json\/wp\/v2\/comments?post=11784"}],"version-history":[{"count":1,"href":"https:\/\/radiokissnoticias.com.ar\/web\/wp-json\/wp\/v2\/posts\/11784\/revisions"}],"predecessor-version":[{"id":11786,"href":"https:\/\/radiokissnoticias.com.ar\/web\/wp-json\/wp\/v2\/posts\/11784\/revisions\/11786"}],"wp:featuredmedia":[{"embeddable":true,"href":"https:\/\/radiokissnoticias.com.ar\/web\/wp-json\/wp\/v2\/media\/11785"}],"wp:attachment":[{"href":"https:\/\/radiokissnoticias.com.ar\/web\/wp-json\/wp\/v2\/media?parent=11784"}],"wp:term":[{"taxonomy":"category","embeddable":true,"href":"https:\/\/radiokissnoticias.com.ar\/web\/wp-json\/wp\/v2\/categories?post=11784"},{"taxonomy":"post_tag","embeddable":true,"href":"https:\/\/radiokissnoticias.com.ar\/web\/wp-json\/wp\/v2\/tags?post=11784"}],"curies":[{"name":"wp","href":"https:\/\/api.w.org\/{rel}","templated":true}]}}