{"id":11753,"date":"2026-08-09T22:00:05","date_gmt":"2026-08-10T01:00:05","guid":{"rendered":"https:\/\/radiokissnoticias.com.ar\/web\/?p=11753"},"modified":"2026-08-09T22:00:05","modified_gmt":"2026-08-10T01:00:05","slug":"sapukai-sapukaire-arte-y-mito-en-clave-guarani","status":"publish","type":"post","link":"https:\/\/radiokissnoticias.com.ar\/web\/2026\/08\/09\/sapukai-sapukaire-arte-y-mito-en-clave-guarani\/","title":{"rendered":"SAPUK\u00c1I, SAPUK\u00c1IRE: arte y mito en clave guaran\u00ed"},"content":{"rendered":"<p>Qued\u00f3 habilitada la muestra de la artista pl\u00e1stica de Teresita Gonz\u00e1lez Ocantos. En la apertura de la exposici\u00f3n un interesante n\u00famero de visitantes, acompa\u00f1ados de la artista y el Coordinador de Asuntos Culturales Manuel Zampar, recorrieron el sal\u00f3n donde se encuentran exhibidas las obras.<\/p>\n<p>Vale recordar que la muestra quedar\u00e1 abierta hasta el pr\u00f3ximo 17 de agosto, en Casa de la Cultura, se podr\u00e1 visitar en los horarios de 8 a 12 y de 15 a 17 horas, con entrada libre y gratuita.<\/p>\n<p>Sapukai, Sapukaire; arte y mito en clave guaran\u00ed, refleja c\u00f3mo el sapukai abraza la correntinidad desde distintas perspectivas.<\/p>\n<p>Direcci\u00f3n de Prensa &#8211; Municipalidad de Goya<\/p>\n<p>&nbsp;<\/p>\n","protected":false},"excerpt":{"rendered":"<p>Qued\u00f3 habilitada la muestra de la artista pl\u00e1stica de Teresita Gonz\u00e1lez Ocantos. En la apertura de la exposici\u00f3n un interesante n\u00famero de visitantes, acompa\u00f1ados de la artista y el Coordinador de Asuntos Culturales Manuel Zampar, recorrieron el sal\u00f3n donde se encuentran exhibidas las obras. Vale recordar que la muestra quedar\u00e1 abierta hasta el pr\u00f3ximo 17 [&hellip;]<\/p>\n","protected":false},"author":2,"featured_media":11754,"comment_status":"open","ping_status":"open","sticky":false,"template":"","format":"standard","meta":{"footnotes":""},"categories":[77],"tags":[],"class_list":["post-11753","post","type-post","status-publish","format-standard","has-post-thumbnail","category-local"],"_links":{"self":[{"href":"https:\/\/radiokissnoticias.com.ar\/web\/wp-json\/wp\/v2\/posts\/11753","targetHints":{"allow":["GET"]}}],"collection":[{"href":"https:\/\/radiokissnoticias.com.ar\/web\/wp-json\/wp\/v2\/posts"}],"about":[{"href":"https:\/\/radiokissnoticias.com.ar\/web\/wp-json\/wp\/v2\/types\/post"}],"author":[{"embeddable":true,"href":"https:\/\/radiokissnoticias.com.ar\/web\/wp-json\/wp\/v2\/users\/2"}],"replies":[{"embeddable":true,"href":"https:\/\/radiokissnoticias.com.ar\/web\/wp-json\/wp\/v2\/comments?post=11753"}],"version-history":[{"count":1,"href":"https:\/\/radiokissnoticias.com.ar\/web\/wp-json\/wp\/v2\/posts\/11753\/revisions"}],"predecessor-version":[{"id":11755,"href":"https:\/\/radiokissnoticias.com.ar\/web\/wp-json\/wp\/v2\/posts\/11753\/revisions\/11755"}],"wp:featuredmedia":[{"embeddable":true,"href":"https:\/\/radiokissnoticias.com.ar\/web\/wp-json\/wp\/v2\/media\/11754"}],"wp:attachment":[{"href":"https:\/\/radiokissnoticias.com.ar\/web\/wp-json\/wp\/v2\/media?parent=11753"}],"wp:term":[{"taxonomy":"category","embeddable":true,"href":"https:\/\/radiokissnoticias.com.ar\/web\/wp-json\/wp\/v2\/categories?post=11753"},{"taxonomy":"post_tag","embeddable":true,"href":"https:\/\/radiokissnoticias.com.ar\/web\/wp-json\/wp\/v2\/tags?post=11753"}],"curies":[{"name":"wp","href":"https:\/\/api.w.org\/{rel}","templated":true}]}}