{"id":11735,"date":"2026-08-09T13:04:08","date_gmt":"2026-08-09T16:04:08","guid":{"rendered":"https:\/\/radiokissnoticias.com.ar\/web\/?p=11735"},"modified":"2026-08-09T13:07:13","modified_gmt":"2026-08-09T16:07:13","slug":"la-escuela-normal-de-goya-celebra-su-139-aniversario-este-lunes-10-de-agosto","status":"publish","type":"post","link":"https:\/\/radiokissnoticias.com.ar\/web\/2026\/08\/09\/la-escuela-normal-de-goya-celebra-su-139-aniversario-este-lunes-10-de-agosto\/","title":{"rendered":"La Escuela Normal de Goya celebra su 139 aniversario este lunes 10 de agosto"},"content":{"rendered":"<p>La comunidad educativa de la Escuela Normal &#8220;Mariano I. Loza&#8221; festeja cumplea\u00f1os este 10 de agosto y convoca al reencuentro de egresados, invitando a que las promociones que celebran aniversario coloquen su placa conmemorativa y compartan este momento tan especial. El martes los egresados que cumplen 25, 30, 40 y 50 a\u00f1os de graduados participar\u00e1n de una jornada de reencuentro y colocaci\u00f3n de placas conmemorativas.<\/p>\n<p><img loading=\"lazy\" decoding=\"async\" class=\"\" src=\"https:\/\/www.powernoticias.com\/images\/202608091303054466\" width=\"600\" height=\"849\" \/><\/p>\n<p><img loading=\"lazy\" decoding=\"async\" class=\"\" src=\"https:\/\/www.powernoticias.com\/images\/202608091302520031\" width=\"593\" height=\"839\" \/><\/p>\n<p><img decoding=\"async\" src=\"https:\/\/www.powernoticias.com\/images\/202608091302447246\" \/><\/p>\n<p>El acto central iniciar\u00e1 oficialmente este lunes 10 de agosto con una sencilla ceremonia en sus instalaciones. El d\u00eda martes 11 tendr\u00e1 lugar el &#8220;Camino a los 140 a\u00f1os&#8221;, antesala al gran aniversario que se celebrar\u00e1 en 2027.<\/p>\n<p>LUNES 10<\/p>\n<p>El acto central iniciar\u00e1 este lunes 10 a las 10 de la ma\u00f1ana, con el total del alumnado ingresando en horario normal. All\u00ed transcurrir\u00e1 diversos pasajes como la entrega de presentes a docentes jubilados del a\u00f1o pasado y este a\u00f1o y una intervenci\u00f3n art\u00edstica. A las 16 horas tendr\u00e1 lugar la tradicional caminata con la participaci\u00f3n de la comunidad educativa, con salida desde las puertas de la instituci\u00f3n.<\/p>\n<p>CRONOGRAMA<\/p>\n<p>7:45 a.m. Izamiento de la Bandera Nacional<\/p>\n<p>Lugar: Patio de la Escuela Normal<\/p>\n<p>10:00 a.m. Acto Central<\/p>\n<p>Lugar: Patio de la Escuela Normal<\/p>\n<p>9:45 a.m. Recepci\u00f3n de Autoridades y p\u00fablico en general<\/p>\n<p>10:00 a.m. -Entrada de las Banderas de Ceremonia.<\/p>\n<p>-Entrada de los Jubilados.<\/p>\n<p>-Himno Nacional Argentino.<\/p>\n<p>-Palabras Alusivas a cargo de la docente Selva Vera.<\/p>\n<p>-Entrega de Obsequios a Jubilados.<\/p>\n<p>-Palabras a cargo de la Rectora Graciela B\u00e1ez.<\/p>\n<p>-Himno a la Escuela Normal por alumnos del Taller de M\u00fasica, 1\u00b0 2\u00b0, 2\u00b01\u00b0 y 31\u00b0.<\/p>\n<p>-Retiro de las Banderas de Ceremonia.<\/p>\n<p>&#8211; Intervenci\u00f3n art\u00edstica a cargo de Nivel Inicial,<\/p>\n<p>Primario y Secundario.<\/p>\n<p>-Desconcentraci\u00f3n.<\/p>\n<p>16:00 p.m. Caminata Tradicional por la ciudad<\/p>\n<p>Lugar de concentraci\u00f3n: Escuela Normal<\/p>\n<p>MARTES 11<\/p>\n<p>La profesora Graciela B\u00e1ez, convoc\u00f3 a los egresados que cumplen 25, 30, 40 y 50 a\u00f1os de graduados a participar de una jornada de reencuentro y colocaci\u00f3n de placas conmemorativas el d\u00eda martes 11.<\/p>\n<p>Invit\u00f3 a que las promociones que celebran aniversario coloquen sus respectivas placas conmemorativas y compartan este momento tan especial. Estar\u00e1n presentes ex alumnos de las Promociones: 1976, 1986, 1991 y 2021 &#8220;que son los alumnos que se contactaron y van a venir a colocar sus placas conmemorativas&#8221; dijo.<\/p>\n<p>&#8220;Este ser\u00e1 un encuentro totalmente desestructurado, muy emotivo seguramente, todos los a\u00f1os es distinto, la emoci\u00f3n siempre a flor de piel en esa ocasi\u00f3n&#8221;.<\/p>\n<p>Se\u00f1al\u00f3 -adem\u00e1s- que cada Promoci\u00f3n ser\u00e1 la encargada de invitar a sus profesores y familiares si as\u00ed lo deseen, para que este d\u00eda est\u00e9n presentes. El establecimiento les abre las puertas a todos para que expresen la emoci\u00f3n del reencuentro y sede un lugar en sus paredes para que sus alumnos perpet\u00faen el paso por la instituci\u00f3n.<\/p>\n<p>&nbsp;<\/p>\n","protected":false},"excerpt":{"rendered":"<p>La comunidad educativa de la Escuela Normal &#8220;Mariano I. Loza&#8221; festeja cumplea\u00f1os este 10 de agosto y convoca al reencuentro de egresados, invitando a que las promociones que celebran aniversario coloquen su placa conmemorativa y compartan este momento tan especial. El martes los egresados que cumplen 25, 30, 40 y 50 a\u00f1os de graduados participar\u00e1n [&hellip;]<\/p>\n","protected":false},"author":2,"featured_media":11738,"comment_status":"open","ping_status":"open","sticky":false,"template":"","format":"standard","meta":{"footnotes":""},"categories":[77],"tags":[],"class_list":["post-11735","post","type-post","status-publish","format-standard","has-post-thumbnail","category-local"],"_links":{"self":[{"href":"https:\/\/radiokissnoticias.com.ar\/web\/wp-json\/wp\/v2\/posts\/11735","targetHints":{"allow":["GET"]}}],"collection":[{"href":"https:\/\/radiokissnoticias.com.ar\/web\/wp-json\/wp\/v2\/posts"}],"about":[{"href":"https:\/\/radiokissnoticias.com.ar\/web\/wp-json\/wp\/v2\/types\/post"}],"author":[{"embeddable":true,"href":"https:\/\/radiokissnoticias.com.ar\/web\/wp-json\/wp\/v2\/users\/2"}],"replies":[{"embeddable":true,"href":"https:\/\/radiokissnoticias.com.ar\/web\/wp-json\/wp\/v2\/comments?post=11735"}],"version-history":[{"count":1,"href":"https:\/\/radiokissnoticias.com.ar\/web\/wp-json\/wp\/v2\/posts\/11735\/revisions"}],"predecessor-version":[{"id":11737,"href":"https:\/\/radiokissnoticias.com.ar\/web\/wp-json\/wp\/v2\/posts\/11735\/revisions\/11737"}],"wp:featuredmedia":[{"embeddable":true,"href":"https:\/\/radiokissnoticias.com.ar\/web\/wp-json\/wp\/v2\/media\/11738"}],"wp:attachment":[{"href":"https:\/\/radiokissnoticias.com.ar\/web\/wp-json\/wp\/v2\/media?parent=11735"}],"wp:term":[{"taxonomy":"category","embeddable":true,"href":"https:\/\/radiokissnoticias.com.ar\/web\/wp-json\/wp\/v2\/categories?post=11735"},{"taxonomy":"post_tag","embeddable":true,"href":"https:\/\/radiokissnoticias.com.ar\/web\/wp-json\/wp\/v2\/tags?post=11735"}],"curies":[{"name":"wp","href":"https:\/\/api.w.org\/{rel}","templated":true}]}}