{"id":11728,"date":"2026-08-09T12:56:02","date_gmt":"2026-08-09T15:56:02","guid":{"rendered":"https:\/\/radiokissnoticias.com.ar\/web\/?p=11728"},"modified":"2026-08-09T12:56:02","modified_gmt":"2026-08-09T15:56:02","slug":"doctor-alejandro-chain-dar-respaldo-presupuestario-al-comite-contra-la-tortura-es-la-mejor-manera-de-prevenir","status":"publish","type":"post","link":"https:\/\/radiokissnoticias.com.ar\/web\/2026\/08\/09\/doctor-alejandro-chain-dar-respaldo-presupuestario-al-comite-contra-la-tortura-es-la-mejor-manera-de-prevenir\/","title":{"rendered":"Doctor Alejandro Cha\u00edn: \u201cDar respaldo presupuestario al Comit\u00e9 contra la tortura es la mejor manera de prevenir\u201d"},"content":{"rendered":"<p>El documento re\u00fane el trabajo desarrollado durante el \u00faltimo a\u00f1o en materia de control y monitoreo de lugares de encierro, instituciones de salud mental, dispositivos de cuidado para ni\u00f1os, ni\u00f1as y adolescentes y hogares para personas mayores de toda la provincia.<\/p>\n<p>El ministro del Superior Tribunal de Justicia de Corrientes respald\u00f3 al Comit\u00e9 de Prevenci\u00f3n de la Tortura de Corrientes en el marco de la presentaci\u00f3n del Informe Anual 2025-2026. &#8220;Yo les aseguro que vamos a evitar un mont\u00f3n de problemas. Qu\u00e9 m\u00e1s inteligente, qu\u00e9 m\u00e1s econ\u00f3mico, qu\u00e9 m\u00e1s saludable y qu\u00e9 m\u00e1s \u00fatil que prevenir\u201d, sostuvo el ministro, doctor Alejandro Alberto Chain.<\/p>\n<p>El Comit\u00e9 Provincial de Evaluaci\u00f3n del Seguimiento y Aplicaci\u00f3n de la Convenci\u00f3n contra la Tortura y otros Tratos o Penas Crueles, Inhumanos o Degradantes present\u00f3 este viernes 7 de agosto su Informe Anual 2025-2026, un documento que re\u00fane el trabajo desarrollado durante el \u00faltimo a\u00f1o en materia de control y monitoreo de lugares de encierro, instituciones de salud mental, dispositivos de cuidado para ni\u00f1os, ni\u00f1as y adolescentes y hogares para personas mayores de toda la provincia.<\/p>\n<p>La actividad cont\u00f3 con la participaci\u00f3n del ministro del Superior Tribunal de Justicia, doctor Alejandro Alberto Chain; el presidente del Comit\u00e9, doctor Jorge Eduardo Isetta; la comisionada Sof\u00eda Dom\u00ednguez; representantes de las fuerzas de seguridad y del Servicio Penitenciario Provincial; integrantes de instituciones y organizaciones de la sociedad civil; autoridades de distintos organismos p\u00fablicos y funcionarios del Poder Ejecutivo provincial, entre ellos la subsecretaria de Seguridad de Corrientes, Ingrid Jetter. Tambi\u00e9n asistieron representantes de organismos vinculados a la promoci\u00f3n y defensa de los derechos humanos.<\/p>\n<p>El Informe Anual 2025-2026 sistematiza las inspecciones realizadas en unidades penales, comisar\u00edas, dispositivos de alojamiento para ni\u00f1os, ni\u00f1as y adolescentes, hogares para personas adultas mayores e instituciones de salud mental. Adem\u00e1s, documenta las intervenciones institucionales, las acciones de capacitaci\u00f3n dirigidas a fuerzas policiales y penitenciarias, los convenios celebrados con organismos p\u00fablicos e instituciones, el trabajo conjunto con organizaciones especializadas y las recomendaciones elaboradas para fortalecer la prevenci\u00f3n de la tortura y otros tratos o penas crueles, inhumanos o degradantes en la provincia.<\/p>\n<p>FORTALECER POL\u00cdTICAS DE DERECHOS HUMANOS<\/p>\n<p>Durante la apertura, el doctor Chain felicit\u00f3 el trabajo realizado por el Comit\u00e9 y destac\u00f3 la importancia de fortalecer institucionalmente al organismo para consolidar las pol\u00edticas de prevenci\u00f3n y protecci\u00f3n de los derechos humanos.<\/p>\n<p>En su mensaje, el ministro del Superior Tribunal de Justicia sostuvo que el fortalecimiento del Comit\u00e9 constituye una herramienta fundamental para evitar vulneraciones de derechos y promover mejoras institucionales. \u201cQu\u00e9 m\u00e1s inteligente, qu\u00e9 m\u00e1s econ\u00f3mico, qu\u00e9 m\u00e1s saludable y qu\u00e9 m\u00e1s \u00fatil que prevenir\u201d, dijo y agreg\u00f3; \u201cHay que darle respaldo presupuestario al Comit\u00e9, al mecanismo provincial. Yo les aseguro que vamos a evitar un mont\u00f3n de problemas. Qu\u00e9 m\u00e1s inteligente, qu\u00e9 m\u00e1s econ\u00f3mico, qu\u00e9 m\u00e1s saludable y qu\u00e9 m\u00e1s \u00fatil que prevenir. Los viejos m\u00e9dicos dec\u00edan \u2018curar en salud\u2019 y el refranero popular afirma que m\u00e1s vale prevenir que curar\u201d.<\/p>\n<p>Asimismo, remarc\u00f3 la necesidad de continuar perfeccionando el sistema institucional y reafirm\u00f3 el compromiso del Poder Judicial con la labor preventiva que desarrolla el organismo.<\/p>\n<p>DETALLES DEL INFORME<\/p>\n<p>Durante la presentaci\u00f3n, el presidente del Comit\u00e9, doctor Jorge Eduardo Isetta, destac\u00f3 que el informe es el resultado de un trabajo sostenido durante todo el a\u00f1o y del acompa\u00f1amiento de distintas instituciones. \u201cEl informe refleja un a\u00f1o completo de monitoreos y recomendaciones para fortalecer las pol\u00edticas p\u00fablicas\u201d, asegur\u00f3.<\/p>\n<p>\u201cLas instituciones fueron monitoreadas pr\u00e1cticamente en su totalidad y el informe refleja el trabajo de todo un a\u00f1o. Tambi\u00e9n contamos con la colaboraci\u00f3n de pr\u00e1cticas profesionales de la Universidad Nacional del Nordeste, lo que permiti\u00f3 realizar un relevamiento completo de las unidades penitenciarias, comisar\u00edas y hogares residenciales de ni\u00f1os y adultos\u201d, explic\u00f3 Isetta.<\/p>\n<p>Por su parte, la comisionada Sof\u00eda Dom\u00ednguez explic\u00f3 que el documento, de casi 500 p\u00e1ginas, re\u00fane tanto el diagn\u00f3stico de la situaci\u00f3n provincial como las acciones desarrolladas por el organismo y las recomendaciones destinadas a distintos poderes del Estado.<\/p>\n<p>\u201cEste informe recoge toda la actuaci\u00f3n de todo el a\u00f1o y de las inspecciones y monitoreos en todos los lugares donde hay personas bajo custodia estatal. Adem\u00e1s de rendir cuentas sobre nuestra actuaci\u00f3n, formula doce recomendaciones dirigidas a distintos organismos para avanzar en la protecci\u00f3n de los derechos humanos y fortalecer las pol\u00edticas p\u00fablicas\u201d.<\/p>\n<p>Adem\u00e1s del monitoreo de los lugares de encierro, el documento analiza las condiciones de ni\u00f1os, ni\u00f1as y adolescentes alojados en dispositivos de cuidado bajo guarda estatal, as\u00ed como de j\u00f3venes, personas adultas y adultos mayores institucionalizados en hogares y en el hospital de salud mental.<\/p>\n<p>Entre los principales ejes abordados se encuentran las situaciones de tortura y malos tratos en contextos de encierro, las condiciones de detenci\u00f3n, la sobrepoblaci\u00f3n en establecimientos penitenciarios y policiales, la realidad de los adolescentes alojados en centros de responsabilidad penal juvenil y las muertes registradas en contextos de encierro.<\/p>\n","protected":false},"excerpt":{"rendered":"<p>El documento re\u00fane el trabajo desarrollado durante el \u00faltimo a\u00f1o en materia de control y monitoreo de lugares de encierro, instituciones de salud mental, dispositivos de cuidado para ni\u00f1os, ni\u00f1as y adolescentes y hogares para personas mayores de toda la provincia. El ministro del Superior Tribunal de Justicia de Corrientes respald\u00f3 al Comit\u00e9 de Prevenci\u00f3n [&hellip;]<\/p>\n","protected":false},"author":2,"featured_media":11729,"comment_status":"open","ping_status":"open","sticky":false,"template":"","format":"standard","meta":{"footnotes":""},"categories":[79],"tags":[],"class_list":["post-11728","post","type-post","status-publish","format-standard","has-post-thumbnail","category-provincia"],"_links":{"self":[{"href":"https:\/\/radiokissnoticias.com.ar\/web\/wp-json\/wp\/v2\/posts\/11728","targetHints":{"allow":["GET"]}}],"collection":[{"href":"https:\/\/radiokissnoticias.com.ar\/web\/wp-json\/wp\/v2\/posts"}],"about":[{"href":"https:\/\/radiokissnoticias.com.ar\/web\/wp-json\/wp\/v2\/types\/post"}],"author":[{"embeddable":true,"href":"https:\/\/radiokissnoticias.com.ar\/web\/wp-json\/wp\/v2\/users\/2"}],"replies":[{"embeddable":true,"href":"https:\/\/radiokissnoticias.com.ar\/web\/wp-json\/wp\/v2\/comments?post=11728"}],"version-history":[{"count":1,"href":"https:\/\/radiokissnoticias.com.ar\/web\/wp-json\/wp\/v2\/posts\/11728\/revisions"}],"predecessor-version":[{"id":11730,"href":"https:\/\/radiokissnoticias.com.ar\/web\/wp-json\/wp\/v2\/posts\/11728\/revisions\/11730"}],"wp:featuredmedia":[{"embeddable":true,"href":"https:\/\/radiokissnoticias.com.ar\/web\/wp-json\/wp\/v2\/media\/11729"}],"wp:attachment":[{"href":"https:\/\/radiokissnoticias.com.ar\/web\/wp-json\/wp\/v2\/media?parent=11728"}],"wp:term":[{"taxonomy":"category","embeddable":true,"href":"https:\/\/radiokissnoticias.com.ar\/web\/wp-json\/wp\/v2\/categories?post=11728"},{"taxonomy":"post_tag","embeddable":true,"href":"https:\/\/radiokissnoticias.com.ar\/web\/wp-json\/wp\/v2\/tags?post=11728"}],"curies":[{"name":"wp","href":"https:\/\/api.w.org\/{rel}","templated":true}]}}