{"id":11725,"date":"2026-08-09T12:53:49","date_gmt":"2026-08-09T15:53:49","guid":{"rendered":"https:\/\/radiokissnoticias.com.ar\/web\/?p=11725"},"modified":"2026-08-09T12:53:49","modified_gmt":"2026-08-09T15:53:49","slug":"padre-ariel-gimenez-ninguna-politica-economica-puede-olvidar-a-las-personas-y-las-familias","status":"publish","type":"post","link":"https:\/\/radiokissnoticias.com.ar\/web\/2026\/08\/09\/padre-ariel-gimenez-ninguna-politica-economica-puede-olvidar-a-las-personas-y-las-familias\/","title":{"rendered":"PADRE ARIEL GIMENEZ &#8220;Ninguna pol\u00edtica econ\u00f3mica puede olvidar a las personas y las familias&#8221;"},"content":{"rendered":"<p>Con el lema &#8220;Iglesia sinodal, comuni\u00f3n, participaci\u00f3n y misi\u00f3n&#8221;, celebraron el 7 de agosto la fiesta de San Cayetano, congregando a una multitud de fieles en la hist\u00f3rica capilla ubicada en Tucum\u00e1n y Pujol. La misa central presidi\u00f3 el p\u00e1rroco de la catedral, presb\u00edtero Ariel Gim\u00e9nez, quien invit\u00f3 a unir la oraci\u00f3n con el compromiso concreto por el bien com\u00fan. El p\u00e1rroco reflexiono sobre reflexion\u00f3 sobre la realidad social y econ\u00f3mica del pa\u00eds.<\/p>\n<p>Como ocurre cada a\u00f1o, miles de peregrinos llegaron desde las primeras horas de la jornada para encomendar al patrono del pan y del trabajo sus intenciones personales y familiares.<\/p>\n<p><b>HOMILIA<\/b><\/p>\n<p>Durante la homil\u00eda, el padre Ariel Gim\u00e9nez reflexion\u00f3 sobre la realidad social y econ\u00f3mica del pa\u00eds, se\u00f1alando que la multitud reunida en torno al santo constituye &#8220;el retrato de un pueblo que sigue creyendo que Dios escucha el clamor de quienes sufren&#8221;.<\/p>\n<p>&#8220;Esa fila es mucho m\u00e1s que una manifestaci\u00f3n de religiosidad popular. Es el retrato de un pueblo que sigue creyendo que Dios escucha el clamor de quienes sufren. Pero tambi\u00e9n es una pregunta que nos interpela \u00bfpor qu\u00e9, sigue habiendo tantos argentinos que piden pan y trabajo? &#8220;.<\/p>\n<p>Continuo &#8220;hoy nuestra realidad vuelve a plantearnos preguntas muy profundas. Miles de j\u00f3venes no encuentran un trabajo estable. Muchas familias viven con miedo a perder el empleo o a no llegar a fin de mes. El trabajo informal crece, mientras tantas personas quedan descartadas porque ya no son consideradas &#8220;\u00fatiles&#8221; para el mercado&#8221;.<\/p>\n<p>&#8220;Contemplamos con preocupaci\u00f3n decisiones que muchas veces dejan desprotegidos a los m\u00e1s d\u00e9biles. La desregulaci\u00f3n de distintos \u00e1mbitos de la econom\u00eda puede generar oportunidades, pero tambi\u00e9n corre el riesgo de debilitar derechos laborales conquistados con mucho esfuerzo. Del mismo modo, la explotaci\u00f3n de nuestros bienes naturales, la tierra, los r\u00edos y el mar argentino no puede pensarse \u00fanicamente desde la rentabilidad econ\u00f3mica. Son bienes que pertenecen tambi\u00e9n a las generaciones futuras y cuya administraci\u00f3n exige responsabilidad, justicia y soberan\u00eda&#8221; dijo el joven sacerdote.<\/p>\n<p>En ese marco, expres\u00f3 su preocupaci\u00f3n por las dificultades que atraviesan numerosas familias, el desempleo juvenil, la precarizaci\u00f3n laboral y las situaciones de vulnerabilidad que afectan a amplios sectores de la sociedad.<\/p>\n<p>&#8220;Frente a esta realidad, podr\u00edamos caer en dos tentaciones. La primera es pensar que todo depende \u00fanicamente de los gobernantes. La segunda, refugiarnos en una fe que solo reza y no se compromete&#8221; dijo.<\/p>\n<p>Record\u00f3 que la Iglesia ense\u00f1a que toda pol\u00edtica econ\u00f3mica debe poner en el centro la dignidad de la persona humana y advirti\u00f3 que el desarrollo econ\u00f3mico no puede desentenderse de la justicia social, la protecci\u00f3n de los derechos laborales ni del cuidado responsable de los bienes naturales.<\/p>\n<p>Destac\u00f3 que &#8220;San Cayetano nos muestra otro camino. \u00c9l rez\u00f3 intensamente, pero tambi\u00e9n organiz\u00f3 obras de caridad, promovi\u00f3 la solidaridad y ayud\u00f3 a quienes necesitaban recuperar su dignidad&#8221;.<\/p>\n<p>En esa l\u00ednea afirm\u00f3 que el camino sinodal invita a &#8220;caminar juntos para buscar respuestas comunes&#8221; frente a los desaf\u00edos actuales.<\/p>\n<p>&#8220;Necesitamos una Argentina donde el trabajo vuelva a ser una prioridad; donde los j\u00f3venes puedan proyectar su futuro sin tener que abandonar su tierra; donde la producci\u00f3n nacional, el campo, la industria, la pesca y los recursos naturales sean desarrollados con responsabilidad social y ambiental; donde la econom\u00eda est\u00e9 al servicio de la persona humana y no al rev\u00e9s&#8221; expreso.<\/p>\n<p><b>LA IGLESIA NO REEMPLAZA AL ESTADO<\/b><\/p>\n<p>El sacerdote explic\u00f3 que una Iglesia sinodal &#8220;no reemplaza al Estado, ni a los sindicatos, ni a los empresarios, ni a las organizaciones sociales&#8221;, pero s\u00ed tiene la misi\u00f3n de favorecer el di\u00e1logo, escuchar el clamor de los pobres y recordar que el bien com\u00fan debe estar por encima de cualquier inter\u00e9s sectorial.<\/p>\n<p>Exhort\u00f3 a los fieles a transformar la oraci\u00f3n en un compromiso cotidiano, alentando a cada uno a colaborar desde su propia vocaci\u00f3n en la construcci\u00f3n de una sociedad m\u00e1s justa, promoviendo el trabajo digno, la solidaridad y el cuidado de la casa com\u00fan.<\/p>\n<p>&#8220;Hoy muchos vendr\u00e1n a pedir pan y trabajo por intercesi\u00f3n de San Cayetano. Hag\u00e1moslo con confianza. Pero al mismo tiempo pregunt\u00e9monos qu\u00e9 podemos hacer nosotros para construir una sociedad m\u00e1s justa. Quiz\u00e1 algunos puedan generar empleo. Otros defender los derechos de quienes trabajan. Otros comprometerse en la pol\u00edtica con honestidad. Otros acompa\u00f1ar a las familias m\u00e1s golpeadas. Otros sostener obras de solidaridad. Todos podemos cuidar la casa com\u00fan y defender la dignidad de cada persona&#8221; se\u00f1alo con \u00e9nfasis.<\/p>\n<p>&#8220;Que San Cayetano nos ense\u00f1e a unir la oraci\u00f3n con el compromiso, la fe con la justicia y la esperanza con el trabajo cotidiano. Y que nuestra Iglesia, caminando sinodalmente, sea siempre una comunidad que escucha el clamor de su pueblo, acompa\u00f1a a los que sufren y trabaja, junto con todos los hombres y mujeres de buena voluntad, para que en nuestra patria nadie carezca del pan, del trabajo digno y de la esperanza&#8221;, concluy\u00f3 el presb\u00edtero Ariel Gim\u00e9nez.<\/p>\n","protected":false},"excerpt":{"rendered":"<p>Con el lema &#8220;Iglesia sinodal, comuni\u00f3n, participaci\u00f3n y misi\u00f3n&#8221;, celebraron el 7 de agosto la fiesta de San Cayetano, congregando a una multitud de fieles en la hist\u00f3rica capilla ubicada en Tucum\u00e1n y Pujol. La misa central presidi\u00f3 el p\u00e1rroco de la catedral, presb\u00edtero Ariel Gim\u00e9nez, quien invit\u00f3 a unir la oraci\u00f3n con el compromiso [&hellip;]<\/p>\n","protected":false},"author":2,"featured_media":11726,"comment_status":"open","ping_status":"open","sticky":false,"template":"","format":"standard","meta":{"footnotes":""},"categories":[77],"tags":[],"class_list":["post-11725","post","type-post","status-publish","format-standard","has-post-thumbnail","category-local"],"_links":{"self":[{"href":"https:\/\/radiokissnoticias.com.ar\/web\/wp-json\/wp\/v2\/posts\/11725","targetHints":{"allow":["GET"]}}],"collection":[{"href":"https:\/\/radiokissnoticias.com.ar\/web\/wp-json\/wp\/v2\/posts"}],"about":[{"href":"https:\/\/radiokissnoticias.com.ar\/web\/wp-json\/wp\/v2\/types\/post"}],"author":[{"embeddable":true,"href":"https:\/\/radiokissnoticias.com.ar\/web\/wp-json\/wp\/v2\/users\/2"}],"replies":[{"embeddable":true,"href":"https:\/\/radiokissnoticias.com.ar\/web\/wp-json\/wp\/v2\/comments?post=11725"}],"version-history":[{"count":1,"href":"https:\/\/radiokissnoticias.com.ar\/web\/wp-json\/wp\/v2\/posts\/11725\/revisions"}],"predecessor-version":[{"id":11727,"href":"https:\/\/radiokissnoticias.com.ar\/web\/wp-json\/wp\/v2\/posts\/11725\/revisions\/11727"}],"wp:featuredmedia":[{"embeddable":true,"href":"https:\/\/radiokissnoticias.com.ar\/web\/wp-json\/wp\/v2\/media\/11726"}],"wp:attachment":[{"href":"https:\/\/radiokissnoticias.com.ar\/web\/wp-json\/wp\/v2\/media?parent=11725"}],"wp:term":[{"taxonomy":"category","embeddable":true,"href":"https:\/\/radiokissnoticias.com.ar\/web\/wp-json\/wp\/v2\/categories?post=11725"},{"taxonomy":"post_tag","embeddable":true,"href":"https:\/\/radiokissnoticias.com.ar\/web\/wp-json\/wp\/v2\/tags?post=11725"}],"curies":[{"name":"wp","href":"https:\/\/api.w.org\/{rel}","templated":true}]}}