{"id":11702,"date":"2026-08-08T12:54:39","date_gmt":"2026-08-08T15:54:39","guid":{"rendered":"https:\/\/radiokissnoticias.com.ar\/web\/?p=11702"},"modified":"2026-08-08T12:54:39","modified_gmt":"2026-08-08T15:54:39","slug":"la-junta-diocesana-de-educacion-catolica-analizo-aspectos-administrativos-y-de-gestion-institucional","status":"publish","type":"post","link":"https:\/\/radiokissnoticias.com.ar\/web\/2026\/08\/08\/la-junta-diocesana-de-educacion-catolica-analizo-aspectos-administrativos-y-de-gestion-institucional\/","title":{"rendered":"La Junta Diocesana de Educaci\u00f3n Cat\u00f3lica analiz\u00f3 aspectos administrativos y de gesti\u00f3n institucional"},"content":{"rendered":"<p>El obispo de Goya, monse\u00f1or Adolfo Ram\u00f3n Canec\u00edn, acompa\u00f1\u00f3 la reuni\u00f3n de la Junta Diocesana de Educaci\u00f3n Cat\u00f3lica, que se desarroll\u00f3 en la casa de retiros San Liborio, con la participaci\u00f3n de representantes de los distintos establecimientos educativos de la di\u00f3cesis.<\/p>\n<p>El encuentro, coordinado por la delegada episcopal para la Educaci\u00f3n Cat\u00f3lica, profesora Ana Mar\u00eda Guiot, se extendi\u00f3 hasta las 14 y constituy\u00f3 un espacio de formaci\u00f3n, actualizaci\u00f3n e intercambio de experiencias para fortalecer la misi\u00f3n en las instituciones educativas cat\u00f3licas.<\/p>\n<p>Se abordaron diversos temas vinculados con la gesti\u00f3n institucional, entre ellos la facturaci\u00f3n en los establecimientos educativos conforme a la normativa vigente, aspectos administrativos de acuerdo con la legislaci\u00f3n nacional y provincial, y la redacci\u00f3n de actas a partir del an\u00e1lisis de distintas situaciones presentadas en las instituciones.<\/p>\n<p>Los participantes realizaron trabajos pr\u00e1cticos orientados a la resoluci\u00f3n de casos concretos y reflexionaron sobre las reglas de la comunicaci\u00f3n virtual institucional, especialmente en lo referido a los tiempos, formas y alcances de las notificaciones, los aportes informativos y otros aspectos vinculados con la comunicaci\u00f3n oficial.<\/p>\n<p>Monse\u00f1or Canec\u00edn alent\u00f3 a las representantes legales y docentes, a continuar promoviendo una educaci\u00f3n inspirada en los valores del Evangelio, con esp\u00edritu de comuni\u00f3n, participaci\u00f3n y servicio.-<\/p>\n<p>PRENSA OBISPADO DE GOYA<\/p>\n","protected":false},"excerpt":{"rendered":"<p>El obispo de Goya, monse\u00f1or Adolfo Ram\u00f3n Canec\u00edn, acompa\u00f1\u00f3 la reuni\u00f3n de la Junta Diocesana de Educaci\u00f3n Cat\u00f3lica, que se desarroll\u00f3 en la casa de retiros San Liborio, con la participaci\u00f3n de representantes de los distintos establecimientos educativos de la di\u00f3cesis. El encuentro, coordinado por la delegada episcopal para la Educaci\u00f3n Cat\u00f3lica, profesora Ana Mar\u00eda [&hellip;]<\/p>\n","protected":false},"author":2,"featured_media":11703,"comment_status":"open","ping_status":"open","sticky":false,"template":"","format":"standard","meta":{"footnotes":""},"categories":[77],"tags":[],"class_list":["post-11702","post","type-post","status-publish","format-standard","has-post-thumbnail","category-local"],"_links":{"self":[{"href":"https:\/\/radiokissnoticias.com.ar\/web\/wp-json\/wp\/v2\/posts\/11702","targetHints":{"allow":["GET"]}}],"collection":[{"href":"https:\/\/radiokissnoticias.com.ar\/web\/wp-json\/wp\/v2\/posts"}],"about":[{"href":"https:\/\/radiokissnoticias.com.ar\/web\/wp-json\/wp\/v2\/types\/post"}],"author":[{"embeddable":true,"href":"https:\/\/radiokissnoticias.com.ar\/web\/wp-json\/wp\/v2\/users\/2"}],"replies":[{"embeddable":true,"href":"https:\/\/radiokissnoticias.com.ar\/web\/wp-json\/wp\/v2\/comments?post=11702"}],"version-history":[{"count":1,"href":"https:\/\/radiokissnoticias.com.ar\/web\/wp-json\/wp\/v2\/posts\/11702\/revisions"}],"predecessor-version":[{"id":11704,"href":"https:\/\/radiokissnoticias.com.ar\/web\/wp-json\/wp\/v2\/posts\/11702\/revisions\/11704"}],"wp:featuredmedia":[{"embeddable":true,"href":"https:\/\/radiokissnoticias.com.ar\/web\/wp-json\/wp\/v2\/media\/11703"}],"wp:attachment":[{"href":"https:\/\/radiokissnoticias.com.ar\/web\/wp-json\/wp\/v2\/media?parent=11702"}],"wp:term":[{"taxonomy":"category","embeddable":true,"href":"https:\/\/radiokissnoticias.com.ar\/web\/wp-json\/wp\/v2\/categories?post=11702"},{"taxonomy":"post_tag","embeddable":true,"href":"https:\/\/radiokissnoticias.com.ar\/web\/wp-json\/wp\/v2\/tags?post=11702"}],"curies":[{"name":"wp","href":"https:\/\/api.w.org\/{rel}","templated":true}]}}