{"id":11693,"date":"2026-08-08T12:43:49","date_gmt":"2026-08-08T15:43:49","guid":{"rendered":"https:\/\/radiokissnoticias.com.ar\/web\/?p=11693"},"modified":"2026-08-08T12:58:34","modified_gmt":"2026-08-08T15:58:34","slug":"conmocion-en-corrientes-asesinaron-a-fierrazos-a-un-motociclista-en-plena-calle","status":"publish","type":"post","link":"https:\/\/radiokissnoticias.com.ar\/web\/2026\/08\/08\/conmocion-en-corrientes-asesinaron-a-fierrazos-a-un-motociclista-en-plena-calle\/","title":{"rendered":"Conmoci\u00f3n en Corrientes: asesinaron a \u201cfierrazos\u201d a un motociclista en plena calle"},"content":{"rendered":"<p>En la tarde del viernes, un violento hecho de sangre sacudi\u00f3 a la comunidad de la capital correntina. Un hombre que circulaba en una motocicleta por una de las calles del barrio Juan XXIII fue asesinado a fierrazos por al menos dos sujetos que lo emboscaron en una esquina y huyeron tras el mortal ataque. La Polic\u00eda trabaja en estos momentos para tratar de encontrarlo.<\/p>\n<p>El cronista de una radio local inform\u00f3 los detalles del violento episodio que tuvo lugar pasadas las 17 en el cruce entre las calles Hortensio Quijano y Callao de la mencionada barriada del sur de la ciudad.<\/p>\n<p>Seg\u00fan trascendi\u00f3, la v\u00edctima fue identificada como H\u00e9ctor Ben\u00edtez, de 33 a\u00f1os, a quien se conocer\u00eda por el alias de \u201cMand\u00edbula\u201d. Este sujeto se movilizaba en una motocicleta cuando fue interceptado por al menos dos personas que, practicamente, sin mediar palabras, le pegaron varias veces en la cabeza con un elemento contundente. Las lesiones fueron de tal magnitud que la v\u00edctima muri\u00f3 pr\u00e1cticamente en el acto, tras lo cual, el atacante escap\u00f3.<\/p>\n<p>Durante casi dos horas, el cuerpo del fallecido permaneci\u00f3 en el lugar del crimen, al lado de la motocicleta que conduc\u00eda. All\u00ed llegaron de inmediato los polic\u00edas de la Comisar\u00eda 7\u00aa, vecinos y familiares de la v\u00edctima.<\/p>\n<p>\u00bfAjuste de cuentas?<\/p>\n<p>Si bien, los peritos contin\u00faan trabajando en el lugar, las primeras sospechas apuntan a un ajuste de cuentas. Esto se debe a las caracter\u00edsticas en que fue cometido el ataque, en la v\u00eda p\u00fablica y a plena luz, y al hecho de que aparentemente, estar\u00eda descartado el m\u00f3vil del robo porque el rodado en el que circulaba Ben\u00edtez qued\u00f3 all\u00ed.<\/p>\n<p>El cronista de la radio agreg\u00f3 que el fallecido tendr\u00eda antecedentes. Pero esto no fue confirmado por fuentes oficiales.<\/p>\n<p>De momento, siguen los trabajos y rastrillajes para dar con los responsables, quienes ya estar\u00edan identificados por la Polic\u00eda.<\/p>\n","protected":false},"excerpt":{"rendered":"<p>En la tarde del viernes, un violento hecho de sangre sacudi\u00f3 a la comunidad de la capital correntina. Un hombre que circulaba en una motocicleta por una de las calles del barrio Juan XXIII fue asesinado a fierrazos por al menos dos sujetos que lo emboscaron en una esquina y huyeron tras el mortal ataque. [&hellip;]<\/p>\n","protected":false},"author":2,"featured_media":11706,"comment_status":"open","ping_status":"open","sticky":false,"template":"","format":"standard","meta":{"footnotes":""},"categories":[82],"tags":[],"class_list":["post-11693","post","type-post","status-publish","format-standard","has-post-thumbnail","category-policiales"],"_links":{"self":[{"href":"https:\/\/radiokissnoticias.com.ar\/web\/wp-json\/wp\/v2\/posts\/11693","targetHints":{"allow":["GET"]}}],"collection":[{"href":"https:\/\/radiokissnoticias.com.ar\/web\/wp-json\/wp\/v2\/posts"}],"about":[{"href":"https:\/\/radiokissnoticias.com.ar\/web\/wp-json\/wp\/v2\/types\/post"}],"author":[{"embeddable":true,"href":"https:\/\/radiokissnoticias.com.ar\/web\/wp-json\/wp\/v2\/users\/2"}],"replies":[{"embeddable":true,"href":"https:\/\/radiokissnoticias.com.ar\/web\/wp-json\/wp\/v2\/comments?post=11693"}],"version-history":[{"count":1,"href":"https:\/\/radiokissnoticias.com.ar\/web\/wp-json\/wp\/v2\/posts\/11693\/revisions"}],"predecessor-version":[{"id":11695,"href":"https:\/\/radiokissnoticias.com.ar\/web\/wp-json\/wp\/v2\/posts\/11693\/revisions\/11695"}],"wp:featuredmedia":[{"embeddable":true,"href":"https:\/\/radiokissnoticias.com.ar\/web\/wp-json\/wp\/v2\/media\/11706"}],"wp:attachment":[{"href":"https:\/\/radiokissnoticias.com.ar\/web\/wp-json\/wp\/v2\/media?parent=11693"}],"wp:term":[{"taxonomy":"category","embeddable":true,"href":"https:\/\/radiokissnoticias.com.ar\/web\/wp-json\/wp\/v2\/categories?post=11693"},{"taxonomy":"post_tag","embeddable":true,"href":"https:\/\/radiokissnoticias.com.ar\/web\/wp-json\/wp\/v2\/tags?post=11693"}],"curies":[{"name":"wp","href":"https:\/\/api.w.org\/{rel}","templated":true}]}}