{"id":11689,"date":"2026-08-08T01:52:36","date_gmt":"2026-08-08T04:52:36","guid":{"rendered":"https:\/\/radiokissnoticias.com.ar\/web\/?p=11689"},"modified":"2026-08-08T01:52:36","modified_gmt":"2026-08-08T04:52:36","slug":"federico-manzanares-las-expectativas-son-muchas-dijo-el-nuevo-presidente-de-la-sade-goya","status":"publish","type":"post","link":"https:\/\/radiokissnoticias.com.ar\/web\/2026\/08\/08\/federico-manzanares-las-expectativas-son-muchas-dijo-el-nuevo-presidente-de-la-sade-goya\/","title":{"rendered":"FEDERICO MANZANARES: \u201cLas expectativas son muchas\u201d, dijo el nuevo presidente de la SADE Goya"},"content":{"rendered":"<p>El abogado Federico Manzanares inici\u00f3 una nueva etapa al frente de la Sociedad Argentina de Escritores (SADE) Goya. \u201cEl desaf\u00edo es continuar el proceso de fortalecimiento institucional y seguir gestionando con el equipo de trabajo, y con las asociaciones que formamos \u201cCultura en Acci\u00f3n\u201d, todos los eventos que podamos organizar conjuntamente con la Municipalidad\u201d, expres\u00f3 en una entrevista radial el flamante titular de la entidad que agrupa a los escritores locales<\/p>\n<div>Entre sus principales objetivos se encuentran fortalecer el trabajo conjunto con instituciones culturales, recuperar los caf\u00e9s literarios y generar nuevas propuestas para acercar a ni\u00f1os y j\u00f3venes al libro y a la escritura.<\/div>\n<div><\/div>\n<div>Durante una entrevista radial, el nuevo presidente de la instituci\u00f3n destac\u00f3 que forma parte de la SADE desde 2010 y que durante ese per\u00edodo integr\u00f3 distintas comisiones directivas. La actual conducci\u00f3n constituye la segunda comisi\u00f3n de la entidad desde que obtuvo su personer\u00eda jur\u00eddica, proceso concretado hace dos a\u00f1os.<\/div>\n<div><\/div>\n<div><b>UNA NUEVA ETAPA INSTITUCIONAL<\/b><\/div>\n<div><\/div>\n<div>La nueva comisi\u00f3n directiva est\u00e1 integrada, adem\u00e1s de Manzanares, por Mar\u00eda Lilia Urquijo como secretaria, Milagros Guzm\u00e1n como tesorera y como vocales Marisa Laura B\u00e1ez, Laura Segovia, Mauricio Escobar, Jos\u00e9 Erasmo Gauto, Ver\u00f3nica Filippi Farmar y Noelia Monz\u00f3n. Como revisores de cuenta, el contador L\u00f3pez Arzamendia y \u201cChique\u201d Fern\u00e1ndez, indic\u00f3.<\/div>\n<div><\/div>\n<div>Manzanares valor\u00f3 especialmente el aporte del licenciado Jos\u00e9 Gauto, socio fundador de la SADE Goya y referente de la literatura y el periodismo local, por su experiencia dentro de la instituci\u00f3n, adem\u00e1s de recordar el importante material bibliogr\u00e1fico que produjo y recopil\u00f3 a lo largo de los a\u00f1os.<\/div>\n<div><\/div>\n<div>\n<div><b>UNA NUEVA ETAPA INSTITUCIONAL<\/b><\/div>\n<div><\/div>\n<div>La nueva comisi\u00f3n directiva est\u00e1 integrada, adem\u00e1s de Manzanares, por Mar\u00eda Lilia Urquijo como secretaria, Milagros Guzm\u00e1n como tesorera y como vocales Marisa Laura B\u00e1ez, Laura Segovia, Mauricio Escobar, Jos\u00e9 Erasmo Gauto, Ver\u00f3nica Filippi Farmar y Noelia Monz\u00f3n. Como revisores de cuenta, el contador L\u00f3pez Arzamendia y \u201cChique\u201d Fern\u00e1ndez, indic\u00f3.<\/div>\n<div><\/div>\n<div>Manzanares valor\u00f3 especialmente el aporte del licenciado Jos\u00e9 Gauto, socio fundador de la SADE Goya y referente de la literatura y el periodismo local, por su experiencia dentro de la instituci\u00f3n, adem\u00e1s de recordar el importante material bibliogr\u00e1fico que produjo y recopil\u00f3 a lo largo de los a\u00f1os.<\/div>\n<div><\/div>\n<div><b>EL DESAF\u00cdO DE RECUPERAR EL H\u00c1BITO DE LA LECTURA<\/b><\/div>\n<div><\/div>\n<div>Uno de los principales objetivos planteados por la nueva conducci\u00f3n es fortalecer las actividades destinadas a ni\u00f1os, adolescentes, j\u00f3venes y docentes, mediante el trabajo articulado con la Municipalidad, las bibliotecas populares y otras organizaciones que integran el espacio \u201cCultura en Acci\u00f3n\u201d.<\/div>\n<div><\/div>\n<div>\u201cNecesitamos que m\u00e1s gente participe, que tratemos de sacar a los chicos del \u201caparatito\u201d y los llevemos a las bibliotecas para que tomen contacto con el libro f\u00edsico\u201d, sostuvo Manzanares, quien remarc\u00f3 la necesidad de recuperar el h\u00e1bito de la lectura.<\/div>\n<\/div>\n<div><\/div>\n<div>\n<div>\u201cHay que estimular eso, eso se estimula con concursos, con cert\u00e1menes, con eventos espec\u00edficos, que inviten a los chicos a interiorizarse por la lectura\u201d, enfatiz\u00f3.<\/div>\n<div><\/div>\n<div>Tambi\u00e9n anticip\u00f3 la intenci\u00f3n de recuperar los caf\u00e9s literarios, una actividad que anteriormente se realizaba cada dos meses y que podr\u00eda retomarse durante esta nueva gesti\u00f3n. La SADE Goya prev\u00e9 adem\u00e1s coordinar con la Secretar\u00eda de Educaci\u00f3n y las bibliotecas un calendario de actividades para el segundo semestre.<\/div>\n<div><\/div>\n<div>Entre las primeras acciones de la nueva gesti\u00f3n est\u00e1 la presencia en nuestra ciudad de Rolando Camozzi Barrios, sacerdote y escritor correntino exiliado en 1976 en Espa\u00f1a y radicado desde entonces el pa\u00eds ib\u00e9rico. \u201cVa a presentar un libro en la Casa de la Cultura\u201d, adelant\u00f3 Manzanares.<\/div>\n<div><\/div>\n<div><b>LA FERIA DEL LIBRO Y EL V\u00cdNCULO CON LOS J\u00d3VENES<\/b><\/div>\n<\/div>\n<div><\/div>\n<div>\n<div>La SADE Goya participa desde 2017 de la Feria del Libro de la ciudad y trabaja junto a Cultura en Acci\u00f3n. Para Manzanares, estos espacios constituyen una oportunidad para promover tanto la lectura como la escritura.<\/div>\n<div><\/div>\n<div>En particular, destac\u00f3 la utilizaci\u00f3n de la denominada \u201cescritura libre\u201d, una modalidad que busca que los chicos puedan expresarse sin quedar condicionados por estructuras r\u00edgidas de poes\u00eda o narrativa. \u201cNo se juzga si est\u00e1 bien o est\u00e1 mal lo que est\u00e1 escribiendo. Eso es importante que los chicos lo sepan\u201d, explic\u00f3.<\/div>\n<div><\/div>\n<div><b>PREOCUPACI\u00d3N POR EL FUTURO DEL LIBRO<\/b><\/div>\n<div><\/div>\n<div>En el transcurso la entrevista el abogado y escritor tambi\u00e9n se refiri\u00f3 al debate generado por las modificaciones propuestas a la legislaci\u00f3n vinculada al libro. El gobierno nacional propone modificar la Ley del Libro. El proyecto plantea derogar la ley de protecci\u00f3n de la actividad librera, que es la ley 25.542, y modificar la ley del libro 25.446, eliminando el precio \u00fanico de venta al libro.<\/div>\n<div><\/div>\n<div>Aunque aclar\u00f3 que no hab\u00eda le\u00eddo el proyecto impulsado por el Ejecutivo nacional, Federico Manzanares manifest\u00f3 preocupaci\u00f3n por la posibilidad de una concentraci\u00f3n del mercado editorial.<\/div>\n<div><\/div>\n<div>\u201cLo m\u00e1s preocupante ac\u00e1, creo que ser\u00eda, al monopolizar el mercado, que vamos a escuchar o leer una sola opini\u00f3n\u201d, expres\u00f3 el presidente de SADE Goya, quien defendi\u00f3 la necesidad de preservar la diversidad de voces y la posibilidad de disentir dentro del \u00e1mbito cultural y literario.<\/div>\n<div><\/div>\n<div><b>DERECHO DE AUTOR E INTELIGENCIA ARTIFICIAL<\/b><\/div>\n<\/div>\n<div><\/div>\n<div>El flamante titular de la entidad que nuclea a los escritores goyanos tambi\u00e9n se\u00f1al\u00f3 que la instituci\u00f3n mantiene debates sobre cuestiones vinculadas al derecho de autor y los cambios tecnol\u00f3gicos. En ese sentido, plante\u00f3 que el avance de la inteligencia artificial abre nuevos interrogantes sobre la autor\u00eda y la propiedad intelectual.<\/div>\n<div><\/div>\n<div>Y a modo de ejemplo plante\u00f3: \u201cCuando uno le da a la inteligencia artificial un breve cuento de cinco reglones para que te escriba una historia de 30 p\u00e1ginas, qui\u00e9n es el due\u00f1o de eso?, se pregunt\u00f3 y acot\u00f3 \u201ces importante discutir estas cosas, debatir sobre estas cosas\u201d.<\/div>\n<div><\/div>\n<div>Finalmente agradeci\u00f3 por el espacio radial y asegur\u00f3 que \u201ctodos los eventos que organicemos o tengamos planificados\u201d vamos \u201ca informar y dar a publicidad sobre todo para que los ni\u00f1os, los j\u00f3venes, los adolescentes o los docentes puedan participar de esas propuestas p\u00fablicas\u201d, cerr\u00f3 el presidente de SADE Goya, Federico Manzanares.<\/div>\n<div>\n<div><\/div>\n<\/div>\n","protected":false},"excerpt":{"rendered":"<p>El abogado Federico Manzanares inici\u00f3 una nueva etapa al frente de la Sociedad Argentina de Escritores (SADE) Goya. \u201cEl desaf\u00edo es continuar el proceso de fortalecimiento institucional y seguir gestionando con el equipo de trabajo, y con las asociaciones que formamos \u201cCultura en Acci\u00f3n\u201d, todos los eventos que podamos organizar conjuntamente con la Municipalidad\u201d, expres\u00f3 [&hellip;]<\/p>\n","protected":false},"author":2,"featured_media":11690,"comment_status":"open","ping_status":"open","sticky":false,"template":"","format":"standard","meta":{"footnotes":""},"categories":[77],"tags":[],"class_list":["post-11689","post","type-post","status-publish","format-standard","has-post-thumbnail","category-local"],"_links":{"self":[{"href":"https:\/\/radiokissnoticias.com.ar\/web\/wp-json\/wp\/v2\/posts\/11689","targetHints":{"allow":["GET"]}}],"collection":[{"href":"https:\/\/radiokissnoticias.com.ar\/web\/wp-json\/wp\/v2\/posts"}],"about":[{"href":"https:\/\/radiokissnoticias.com.ar\/web\/wp-json\/wp\/v2\/types\/post"}],"author":[{"embeddable":true,"href":"https:\/\/radiokissnoticias.com.ar\/web\/wp-json\/wp\/v2\/users\/2"}],"replies":[{"embeddable":true,"href":"https:\/\/radiokissnoticias.com.ar\/web\/wp-json\/wp\/v2\/comments?post=11689"}],"version-history":[{"count":1,"href":"https:\/\/radiokissnoticias.com.ar\/web\/wp-json\/wp\/v2\/posts\/11689\/revisions"}],"predecessor-version":[{"id":11691,"href":"https:\/\/radiokissnoticias.com.ar\/web\/wp-json\/wp\/v2\/posts\/11689\/revisions\/11691"}],"wp:featuredmedia":[{"embeddable":true,"href":"https:\/\/radiokissnoticias.com.ar\/web\/wp-json\/wp\/v2\/media\/11690"}],"wp:attachment":[{"href":"https:\/\/radiokissnoticias.com.ar\/web\/wp-json\/wp\/v2\/media?parent=11689"}],"wp:term":[{"taxonomy":"category","embeddable":true,"href":"https:\/\/radiokissnoticias.com.ar\/web\/wp-json\/wp\/v2\/categories?post=11689"},{"taxonomy":"post_tag","embeddable":true,"href":"https:\/\/radiokissnoticias.com.ar\/web\/wp-json\/wp\/v2\/tags?post=11689"}],"curies":[{"name":"wp","href":"https:\/\/api.w.org\/{rel}","templated":true}]}}