{"id":11650,"date":"2026-08-07T22:13:51","date_gmt":"2026-08-08T01:13:51","guid":{"rendered":"https:\/\/radiokissnoticias.com.ar\/web\/?p=11650"},"modified":"2026-08-07T22:13:51","modified_gmt":"2026-08-08T01:13:51","slug":"en-buenos-aires-con-mas-de-120-reuniones-de-trabajo-corrientes-tuvo-una-destacada-participacion-en-meet-up-turistica","status":"publish","type":"post","link":"https:\/\/radiokissnoticias.com.ar\/web\/2026\/08\/07\/en-buenos-aires-con-mas-de-120-reuniones-de-trabajo-corrientes-tuvo-una-destacada-participacion-en-meet-up-turistica\/","title":{"rendered":"EN BUENOS AIRES: Con m\u00e1s de 120 reuniones de trabajo, Corrientes tuvo una destacada participaci\u00f3n en Meet Up tur\u00edstica"},"content":{"rendered":"<p>La feria m\u00e1s importante del segmento del turismo de reuniones abri\u00f3 sus puertas en el Centro de Convenciones de Buenos Aires y cont\u00f3 con la presencia de autoridades nacionales y de los distintos organismos provinciales de Turismo, adem\u00e1s de empresas vinculadas al sector. En la primera jornada se desarrollaron actividades promocionales y de comercializaci\u00f3n destac\u00e1ndose la presentaci\u00f3n del Destino Corrientes.<\/p>\n<p>El Gobierno provincial, a trav\u00e9s del Ministerio de Turismo dispuso un stand institucional para la promoci\u00f3n de su amplia oferta de atractivos y servicios. Encabez\u00f3 la delegaci\u00f3n el ministro de Turismo Juan Enrique Braillard Poccard junto al secretario de Coordinaci\u00f3n y Planificaci\u00f3n H\u00e9ctor D\u00e1vila y el subsecretario de Desarrollo Tur\u00edstico Regional y Grandes Eventos Oscar Mac\u00edas, el secretario de Turismo y Deportes de la ciudad de Corrientes Jos\u00e9 Sand y la secretaria de Turismo de Ituzaing\u00f3 Haid\u00e9 Sosa, adem\u00e1s de referentes del sector privado.<\/p>\n<p>En ese marco, los representantes correntinos contaron con escritorios de trabajo exclusivos y registraron un total de 124 reuniones con operadores y empresarios de la actividad, incluyendo a hosted buyers nacionales e internacionales.<\/p>\n<p>Acompa\u00f1aron al organismo provincial el Bur\u00f3 de Convenciones de Corrientes, Turismo Hotel Casino, Centro de Convenciones, C\u00e1mara de Turismo de Ituzaing\u00f3, Esteros del Iber\u00e1 S.A. (Guaz\u00fa Travel), Marriott Corrientes y la Regina Lodge (Ginsa S.A.), Secretar\u00eda de Deportes de la Provincia, Secretar\u00eda de Turismo de Ituzaing\u00f3 y Secretar\u00eda de Turismo y Deportes de la Ciudad de Corrientes.<\/p>\n<p>Consejo Federal de Turismo<\/p>\n<p>Como es habitual, en el \u00e1mbito de Meet Up se desarroll\u00f3 la asamblea del Consejo Federal de Turismo (CFT) con la representaci\u00f3n de todas las provincias, las autoridades del \u00f3rgano y de la Secretar\u00eda de Turismo y Deportes de la Naci\u00f3n.<\/p>\n<p>De esta forma, los m\u00e1ximos funcionarios de turismo de todo el pa\u00eds mantuvieron un nuevo encuentro para seguir trabajando juntos por esta actividad y construir, desde una mirada federal, la agenda tur\u00edstica de la Rep\u00fablica Argentina. Representando a Corrientes asisti\u00f3 el ministro Braillard Poccard.<\/p>\n","protected":false},"excerpt":{"rendered":"<p>La feria m\u00e1s importante del segmento del turismo de reuniones abri\u00f3 sus puertas en el Centro de Convenciones de Buenos Aires y cont\u00f3 con la presencia de autoridades nacionales y de los distintos organismos provinciales de Turismo, adem\u00e1s de empresas vinculadas al sector. En la primera jornada se desarrollaron actividades promocionales y de comercializaci\u00f3n destac\u00e1ndose [&hellip;]<\/p>\n","protected":false},"author":2,"featured_media":11651,"comment_status":"open","ping_status":"open","sticky":false,"template":"","format":"standard","meta":{"footnotes":""},"categories":[79],"tags":[],"class_list":["post-11650","post","type-post","status-publish","format-standard","has-post-thumbnail","category-provincia"],"_links":{"self":[{"href":"https:\/\/radiokissnoticias.com.ar\/web\/wp-json\/wp\/v2\/posts\/11650","targetHints":{"allow":["GET"]}}],"collection":[{"href":"https:\/\/radiokissnoticias.com.ar\/web\/wp-json\/wp\/v2\/posts"}],"about":[{"href":"https:\/\/radiokissnoticias.com.ar\/web\/wp-json\/wp\/v2\/types\/post"}],"author":[{"embeddable":true,"href":"https:\/\/radiokissnoticias.com.ar\/web\/wp-json\/wp\/v2\/users\/2"}],"replies":[{"embeddable":true,"href":"https:\/\/radiokissnoticias.com.ar\/web\/wp-json\/wp\/v2\/comments?post=11650"}],"version-history":[{"count":1,"href":"https:\/\/radiokissnoticias.com.ar\/web\/wp-json\/wp\/v2\/posts\/11650\/revisions"}],"predecessor-version":[{"id":11652,"href":"https:\/\/radiokissnoticias.com.ar\/web\/wp-json\/wp\/v2\/posts\/11650\/revisions\/11652"}],"wp:featuredmedia":[{"embeddable":true,"href":"https:\/\/radiokissnoticias.com.ar\/web\/wp-json\/wp\/v2\/media\/11651"}],"wp:attachment":[{"href":"https:\/\/radiokissnoticias.com.ar\/web\/wp-json\/wp\/v2\/media?parent=11650"}],"wp:term":[{"taxonomy":"category","embeddable":true,"href":"https:\/\/radiokissnoticias.com.ar\/web\/wp-json\/wp\/v2\/categories?post=11650"},{"taxonomy":"post_tag","embeddable":true,"href":"https:\/\/radiokissnoticias.com.ar\/web\/wp-json\/wp\/v2\/tags?post=11650"}],"curies":[{"name":"wp","href":"https:\/\/api.w.org\/{rel}","templated":true}]}}