{"id":11647,"date":"2026-08-07T22:10:56","date_gmt":"2026-08-08T01:10:56","guid":{"rendered":"https:\/\/radiokissnoticias.com.ar\/web\/?p=11647"},"modified":"2026-08-07T22:10:56","modified_gmt":"2026-08-08T01:10:56","slug":"luis-juez-sobre-el-capitulo-de-tierras-perdimos-porque-no-fuimos-inteligentes","status":"publish","type":"post","link":"https:\/\/radiokissnoticias.com.ar\/web\/2026\/08\/07\/luis-juez-sobre-el-capitulo-de-tierras-perdimos-porque-no-fuimos-inteligentes\/","title":{"rendered":"Luis Juez, sobre el cap\u00edtulo de Tierras: \u201cPerdimos porque no fuimos inteligentes\u201d"},"content":{"rendered":"<p>\u201cNos robaron la mitad de la cancha\u201d, reconoci\u00f3 el senador oficialista. \u201cEl debate hay que saberlo dar y creo que no fuimos inteligentes&#8221;, se sincer\u00f3 el senador oficialista.<\/p>\n<p>En modo autocr\u00edtico, el senador nacional de La Libertad Avanza Luis Juez admiti\u00f3 que el retiro del cap\u00edtulo vinculado a la Ley de Tierras del proyecto sobre propiedad privada fue &#8220;una pelea perdida&#8221; por el oficialismo, y al respecto consider\u00f3 que falt\u00f3 &#8220;inteligencia&#8221; para dar el debate.<\/p>\n<p>&#8220;Es una pelea que perdimos una vez que nos titularon &#8216;extranjerizaci\u00f3n de las tierras&#8217;, cuando lo que est\u00e1bamos discutiendo era revalorizar el concepto de la propiedad privada\u201d, explic\u00f3 el cordob\u00e9s en declaraciones period\u00edsticas sobre el pol\u00e9mico cap\u00edtulo 3 que fue arrancado de la versi\u00f3n definitiva.<\/p>\n<p>Finalmente, el oficialismo obtuvo la media sanci\u00f3n del proyecto sobre &#8220;inviolabilidad de la Propiedad Privada&#8221;, con cambios sobre la ley de Expropiaciones y los desalojos, pero tuviendo que resignar los cap\u00edtulos sobre venta de tierras a extranjeros y los cambios a la ley de Manejo del Fuego.<\/p>\n<p>\u201cEl debate hay que saberlo dar y creo que no fuimos inteligentes&#8221;, se sincer\u00f3 el senador oficialista.<\/p>\n<p>\u201cEs una pelea que se dio mal, se plante\u00f3 mal, nos robaron la mitad de la cancha\u201d, reconoci\u00f3 Juez, utilizando una met\u00e1fora futbol\u00edstica para describir c\u00f3mo la oposici\u00f3n logr\u00f3 ganar el debate p\u00fablico e instalar su propia narrativa.<\/p>\n<p>Seg\u00fan analiz\u00f3, &#8220;cuando en el f\u00fatbol te roban la mitad de la cancha es un partido que lo est\u00e1s disputando con un resultado complicado\u201d.<\/p>\n<p>\u201cY en esto hay que reconocerle al kirchnerismo una expertise probada para instalar t\u00edtulos\u201d, agreg\u00f3.<\/p>\n<p>En tanto, consider\u00f3 que la ley 26.737 sobre Tierras Rurales, sancionada en 2012, &#8220;merece una discusi\u00f3n particular, seria, donde todo el mundo sepa de qu\u00e9 estamos hablando&#8221;.<\/p>\n<p>Por otra parte, Juez lament\u00f3 que dado el actual contexto de grieta pol\u00edtica no haya posibilidad de aunar criterios para poder legislar sobre una mayor base de consensos.<\/p>\n<p>&nbsp;<\/p>\n","protected":false},"excerpt":{"rendered":"<p>\u201cNos robaron la mitad de la cancha\u201d, reconoci\u00f3 el senador oficialista. \u201cEl debate hay que saberlo dar y creo que no fuimos inteligentes&#8221;, se sincer\u00f3 el senador oficialista. En modo autocr\u00edtico, el senador nacional de La Libertad Avanza Luis Juez admiti\u00f3 que el retiro del cap\u00edtulo vinculado a la Ley de Tierras del proyecto sobre [&hellip;]<\/p>\n","protected":false},"author":2,"featured_media":11648,"comment_status":"open","ping_status":"open","sticky":false,"template":"","format":"standard","meta":{"footnotes":""},"categories":[81],"tags":[],"class_list":["post-11647","post","type-post","status-publish","format-standard","has-post-thumbnail","category-politica"],"_links":{"self":[{"href":"https:\/\/radiokissnoticias.com.ar\/web\/wp-json\/wp\/v2\/posts\/11647","targetHints":{"allow":["GET"]}}],"collection":[{"href":"https:\/\/radiokissnoticias.com.ar\/web\/wp-json\/wp\/v2\/posts"}],"about":[{"href":"https:\/\/radiokissnoticias.com.ar\/web\/wp-json\/wp\/v2\/types\/post"}],"author":[{"embeddable":true,"href":"https:\/\/radiokissnoticias.com.ar\/web\/wp-json\/wp\/v2\/users\/2"}],"replies":[{"embeddable":true,"href":"https:\/\/radiokissnoticias.com.ar\/web\/wp-json\/wp\/v2\/comments?post=11647"}],"version-history":[{"count":1,"href":"https:\/\/radiokissnoticias.com.ar\/web\/wp-json\/wp\/v2\/posts\/11647\/revisions"}],"predecessor-version":[{"id":11649,"href":"https:\/\/radiokissnoticias.com.ar\/web\/wp-json\/wp\/v2\/posts\/11647\/revisions\/11649"}],"wp:featuredmedia":[{"embeddable":true,"href":"https:\/\/radiokissnoticias.com.ar\/web\/wp-json\/wp\/v2\/media\/11648"}],"wp:attachment":[{"href":"https:\/\/radiokissnoticias.com.ar\/web\/wp-json\/wp\/v2\/media?parent=11647"}],"wp:term":[{"taxonomy":"category","embeddable":true,"href":"https:\/\/radiokissnoticias.com.ar\/web\/wp-json\/wp\/v2\/categories?post=11647"},{"taxonomy":"post_tag","embeddable":true,"href":"https:\/\/radiokissnoticias.com.ar\/web\/wp-json\/wp\/v2\/tags?post=11647"}],"curies":[{"name":"wp","href":"https:\/\/api.w.org\/{rel}","templated":true}]}}