{"id":11642,"date":"2026-08-07T15:18:30","date_gmt":"2026-08-07T18:18:30","guid":{"rendered":"https:\/\/radiokissnoticias.com.ar\/web\/?p=11642"},"modified":"2026-08-07T15:18:30","modified_gmt":"2026-08-07T18:18:30","slug":"sembrando-el-futuro-de-la-pesca-y-la-conservacion-el-jin-n-12-palpita-su-concurso-en-playa-el-inga","status":"publish","type":"post","link":"https:\/\/radiokissnoticias.com.ar\/web\/2026\/08\/07\/sembrando-el-futuro-de-la-pesca-y-la-conservacion-el-jin-n-12-palpita-su-concurso-en-playa-el-inga\/","title":{"rendered":"Sembrando el futuro de la pesca y la conservaci\u00f3n: el Jin N\u00b0 12 palpita su concurso en playa El Ing\u00e1"},"content":{"rendered":"<p>iLa emoci\u00f3n infantil se hace sentir en la comunidad ante la inminente llegada de un evento que une tradici\u00f3n, educaci\u00f3n y ecolog\u00eda. Este s\u00e1bado 8 de agosto, a partir de las 9 horas, se llevar\u00e1 a cabo el Concurso de Pesca de Costa con devoluci\u00f3n en Playa &#8220;El Inga&#8221; (Costanera Norte).<\/p>\n<p>Esta actividad es organizada por el Jard\u00edn de Infantes Nucleado (JIN) N\u00b0 12 como parte de su Proyecto Institucional Educativo.<\/p>\n<p>La motivaci\u00f3n de esta iniciativa cobr\u00f3 fuerza recientemente cuando la se\u00f1o Lorena Jara comparti\u00f3 un video de invitaci\u00f3n filmado por los propios alumnos para convocar a la comunidad.<\/p>\n<p>El evento, que se extender\u00e1 hasta las 11 horas, promete ser una jornada inolvidable donde los ni\u00f1os compartir\u00e1n con sus familias en contacto directo con la naturaleza.<br \/>\n<b><br \/>\nUN PROYECTO CON HISTORIA Y ARRAIGO CULTURAL<\/b><\/p>\n<p>La se\u00f1o Ver\u00f3nica Saucedo explic\u00f3 que este proyecto institucional lleva aproximadamente cuatro a\u00f1os de trayectoria.<\/p>\n<p>Lo que comenz\u00f3 en una sola sala como un proyecto de per\u00edodo, hoy involucra a todas las salas de la instituci\u00f3n.<\/p>\n<p>El concurso evoca directamente a la Fiesta Nacional del Surub\u00ed (conocida popularmente en la zona como &#8220;nuestro mundial del surub\u00ed&#8221;), un certamen de gran relevancia cultural en el cual suelen participar muchos de los padres de los alumnos.<\/p>\n<p>Para vivir de cerca esta pasi\u00f3n, las docentes suelen realizar visitas guiadas con los peque\u00f1os al predio Costa Surub\u00ed para recorrer los stands y vivenciar la m\u00edstica de las jornadas de pesca de los s\u00e1bados.<\/p>\n<p><b>EDUCACI\u00d3N AMBIENTAL<\/b><\/p>\n<p>Adem\u00e1s de fomentar la pesca deportiva, el proyecto asume un firme compromiso con la preservaci\u00f3n del ecosistema. En la sala de cuatro a\u00f1os, el trabajo pedag\u00f3gico es liderado por las docentes Cristina S\u00e1nchez y Amalia Enr\u00edquez.<\/p>\n<p>La se\u00f1o Cristina detall\u00f3 que, dando continuidad al trabajo iniciado el a\u00f1o pasado, en el ciclo actual se insiste fuertemente bajo la premisa de que &#8220;la basura no se tira al r\u00edo&#8221;.<\/p>\n<p>Para llevar esta teor\u00eda a la pr\u00e1ctica, los alumnos prepararon bolsas y canteros contenedores para recolectar sus propios desechos cuando pescan con sus tutores, ya sea desde la costa o embarcados en lanchas.<\/p>\n<p>Con esto, buscan proteger la fauna \u00edctica y evitar la contaminaci\u00f3n del agua dulce, un recurso caracter\u00edstico y vital de la regi\u00f3n.<\/p>\n<p>Los ni\u00f1os han asimilado este mensaje con tanta claridad que se han convertido en activos vigilantes, alertando con un grito de &#8220;Ah\u00ed no&#8221; a cualquier adulto que intente arrojar residuos fuera de los cestos.<\/p>\n<p><b>EL NIVEL INICIAL COMO PILAR DEL CRECIMIENTO EMOCIONAL<\/b><\/p>\n<p>El acompa\u00f1amiento de los tutores y las familias act\u00faa como un sost\u00e9n indispensable para los alumnos en su desarrollo cognitivo y social.<\/p>\n<p>Ver\u00f3nica Saucedo remarc\u00f3 que el nivel inicial \u2014que comprende las salas de tres, cuatro y cinco a\u00f1os\u2014 representa el cimiento de la educaci\u00f3n actual.<\/p>\n<p>Hoy en d\u00eda, las curr\u00edculas escolares priorizan la gesti\u00f3n de las emociones, y el jard\u00edn es el espacio donde se configuran los valores y se ense\u00f1a a los ni\u00f1os a expresar lo que sienten de manera sencilla.<\/p>\n<p>A trav\u00e9s del di\u00e1logo guiado, las docentes ayudan a los peque\u00f1os a reconocer y canalizar sus sentimientos ante experiencias cotidianas, como ganar o perder en un partido de f\u00fatbol, promoviendo la comunicaci\u00f3n para evitar que se replieguen en el silencio.<\/p>\n<p>Este enfoque integral se alinea con iniciativas de acompa\u00f1amiento como los recientes encuentros provinciales de escucha activa realizados en los establecimientos educativos.<\/p>\n<p><b>CRONOGRAMA, SECTORES Y COBERTURA DE SEGURIDAD<\/b><\/p>\n<p>Debido a la gran cantidad de participantes, la actividad de pesca en la playa se organizar\u00e1 en turnos espec\u00edficos por edades:<\/p>\n<p>\u00b7 Salitas de 5 a\u00f1os: Competir\u00e1n de 9 a 9.45 horas<\/p>\n<p>\u00b7 Salitas de 4 a\u00f1os: Competir\u00e1n de 10 a 10.45 horas<\/p>\n<p>Al finalizar los turnos, se proceder\u00e1 a la fiscalizaci\u00f3n y a la premiaci\u00f3n de todos los ni\u00f1os.<\/p>\n<p>El concurso movilizar\u00e1 a los cuatro sectores geogr\u00e1ficos que componen el JIN N\u00b0 12:<\/p>\n<p>Sede: Ubicada en avenida Primeros Concejales, al lado de la Escuela N\u00b0 511<\/p>\n<p>Escuela La Pampa 463: Ubicada en la intersecci\u00f3n \u00d1aembe y Formosa<\/p>\n<p>Ex 201: salitas Ubicada al lado del Instituto Superior Goya<\/p>\n<p>Multisala: Cuya actividad se desarrolla en el paraje Remanso durante el turno tarde.<\/p>\n<p>&nbsp;<\/p>\n","protected":false},"excerpt":{"rendered":"<p>iLa emoci\u00f3n infantil se hace sentir en la comunidad ante la inminente llegada de un evento que une tradici\u00f3n, educaci\u00f3n y ecolog\u00eda. Este s\u00e1bado 8 de agosto, a partir de las 9 horas, se llevar\u00e1 a cabo el Concurso de Pesca de Costa con devoluci\u00f3n en Playa &#8220;El Inga&#8221; (Costanera Norte). Esta actividad es organizada [&hellip;]<\/p>\n","protected":false},"author":2,"featured_media":11643,"comment_status":"open","ping_status":"open","sticky":false,"template":"","format":"standard","meta":{"footnotes":""},"categories":[77],"tags":[],"class_list":["post-11642","post","type-post","status-publish","format-standard","has-post-thumbnail","category-local"],"_links":{"self":[{"href":"https:\/\/radiokissnoticias.com.ar\/web\/wp-json\/wp\/v2\/posts\/11642","targetHints":{"allow":["GET"]}}],"collection":[{"href":"https:\/\/radiokissnoticias.com.ar\/web\/wp-json\/wp\/v2\/posts"}],"about":[{"href":"https:\/\/radiokissnoticias.com.ar\/web\/wp-json\/wp\/v2\/types\/post"}],"author":[{"embeddable":true,"href":"https:\/\/radiokissnoticias.com.ar\/web\/wp-json\/wp\/v2\/users\/2"}],"replies":[{"embeddable":true,"href":"https:\/\/radiokissnoticias.com.ar\/web\/wp-json\/wp\/v2\/comments?post=11642"}],"version-history":[{"count":1,"href":"https:\/\/radiokissnoticias.com.ar\/web\/wp-json\/wp\/v2\/posts\/11642\/revisions"}],"predecessor-version":[{"id":11644,"href":"https:\/\/radiokissnoticias.com.ar\/web\/wp-json\/wp\/v2\/posts\/11642\/revisions\/11644"}],"wp:featuredmedia":[{"embeddable":true,"href":"https:\/\/radiokissnoticias.com.ar\/web\/wp-json\/wp\/v2\/media\/11643"}],"wp:attachment":[{"href":"https:\/\/radiokissnoticias.com.ar\/web\/wp-json\/wp\/v2\/media?parent=11642"}],"wp:term":[{"taxonomy":"category","embeddable":true,"href":"https:\/\/radiokissnoticias.com.ar\/web\/wp-json\/wp\/v2\/categories?post=11642"},{"taxonomy":"post_tag","embeddable":true,"href":"https:\/\/radiokissnoticias.com.ar\/web\/wp-json\/wp\/v2\/tags?post=11642"}],"curies":[{"name":"wp","href":"https:\/\/api.w.org\/{rel}","templated":true}]}}