{"id":11634,"date":"2026-08-07T14:25:19","date_gmt":"2026-08-07T17:25:19","guid":{"rendered":"https:\/\/radiokissnoticias.com.ar\/web\/?p=11634"},"modified":"2026-08-07T14:25:19","modified_gmt":"2026-08-07T17:25:19","slug":"politica-financiera-en-la-provincia-con-transparencia-y-equilibro-corrientes-consolida-una-cultura-de-responsabilidad-fiscal","status":"publish","type":"post","link":"https:\/\/radiokissnoticias.com.ar\/web\/2026\/08\/07\/politica-financiera-en-la-provincia-con-transparencia-y-equilibro-corrientes-consolida-una-cultura-de-responsabilidad-fiscal\/","title":{"rendered":"POL\u00cdTICA FINANCIERA EN LA PROVINCIA: Con transparencia y equilibro, Corrientes consolida una cultura de responsabilidad fiscal"},"content":{"rendered":"<p>El Gobierno de Corrientes capacita a los municipios para que adhieran al r\u00e9gimen de responsabilidad fiscal. En este estatus, las comunas se beneficiar\u00e1n con cuentas p\u00fablicas ordenadas; capacidad de planificaci\u00f3n; fortaleza para el acceso a financiamientos; previsibilidad; mejora la calidad institucional, y transparenta la gesti\u00f3n ante los vecinos de cada localidad.<\/p>\n<p>A trav\u00e9s del Ministerio de Hacienda y Finanzas, el Gobierno de Corrientes avanza con el proceso de capacitaci\u00f3n a las \u00e1reas t\u00e9cnicas de econom\u00eda y hacienda de los municipios de la provincia con el objetivo de que estas administraciones adhieran al R\u00e9gimen Federal de Responsabilidad Fiscal.<\/p>\n<p>La concreci\u00f3n de este objetivo significar\u00e1 la consolidaci\u00f3n de una cultura de responsabilidad fiscal, implicando para la provincia de Corrientes en su conjunto mayor previsibilidad financiera para ejecutar obras y servicios; mejor capacidad de planificaci\u00f3n presupuestaria de mediano plazo; con una mejora de la transparencia y rendici\u00f3n de cuentas; y la generaci\u00f3n de informaci\u00f3n homog\u00e9nea y comparable.<\/p>\n<p>La provincia de Corrientes est\u00e1 adherida al r\u00e9gimen, contemplado en la ley 25.917, sancionada en 2004. En tanto que, en abril de 2018, el Gobierno Provincial y los municipios correntinos suscribieron un acta acuerdo para replicar la adhesi\u00f3n por parte de cada comuna.<\/p>\n<p>La pol\u00edtica de Estado financiera del Gobierno, permiti\u00f3 a la Provincia de Corrientes a contar con una base institucional s\u00f3lida. A este estado lleg\u00f3 a trav\u00e9s de la adhesi\u00f3n del r\u00e9gimen de veinte a\u00f1os en el pa\u00eds; tambi\u00e9n por el trabajo en conjunto con los municipios; informaci\u00f3n comparable; transparencia; y coordinaci\u00f3n con el Consejo Federal de Responsabilidad Fiscal.<\/p>\n<p>Adem\u00e1s, Corrientes cuenta tambi\u00e9n con un marco institucional s\u00f3lido, a trav\u00e9s de la Constituci\u00f3n, y las leyes provinciales. La carta magna provincial incorpora l\u00edmites al endeudamiento y resguarda la sostenibilidad fiscal.<\/p>\n<p>Beneficios<\/p>\n<p>La responsabilidad fiscal permite planificar antes de decidir. De esta manera, medir antes de corregir; transparentar la informaci\u00f3n; y pensar tambi\u00e9n en las pr\u00f3ximas generaciones. Son pilares de una gesti\u00f3n p\u00fablica sostenible.<\/p>\n<p>La Responsabilidad Fiscal no implica \u00fanicamente controlar el gasto, sino que significa gestionar major; tambi\u00e9n planificar con visi\u00f3n de future, y, consecuentemente, generar confianza.<\/p>\n<p>Las buenas instituciones hacen posibles las buenas pol\u00edticas p\u00fablicas.<\/p>\n<p>Esta cultura es importante para los municipios, porque: ordena las cuentas p\u00fablicas; mejora la capacidad de planificaci\u00f3n; fortalece el acceso a financiamientos; genera previsibilidad; mejora la calidad institucional, y transparenta la gesti\u00f3n ante los vecinos de cada localidad.<\/p>\n<p>Jornada de capacitaci\u00f3n<\/p>\n<p>En la ma\u00f1ana de este jueves 6, intendentes, con secretarios y funcionarios de las \u00e1reas de econom\u00eda y hacienda de los municipios correntinos asistieron a una nueva reuni\u00f3n de capacitaci\u00f3n a cargo del Ministerio de Hacienda y Finanzas de Corrientes y la coordinaci\u00f3n del Consejo Federal de Responsabilidad Fiscal.<\/p>\n<p>El programa de capacitaci\u00f3n lo lanz\u00f3 el Gobierno de Corrientes desde 2024. La \u00faltima reuni\u00f3n, del jueves 6, se concret\u00f3 en el Sal\u00f3n de Acuerdos General Jos\u00e9 de San Mart\u00edn del Ministerio, y estuvo presidida por el titular de la cartera, H\u00e9ctor Grachot, la coordinadora del Consejo Federal de Responsabilidad Fiscal Patricia Farah, acompa\u00f1ada por el coordinador Leonardo Pistone; con la presencia del subsecretario de Hacienda Guillermo Corrales, y los directores de Cr\u00e9dito P\u00fablico y de Presupuesto del Ministerio, Daniel Insaurralde y Federico Gonz\u00e1lez Th\u00f3mas. De Contadur\u00eda General Mar\u00eda de los \u00c1ngeles Ferraro y Fabiana Barrios.<\/p>\n<p>Presencias<\/p>\n<p>Convocados por el Ministerio de Hacienda y Finanzas, asistieron y participaron de la reuni\u00f3n t\u00e9cnica, los intendentes: Yanina Ibarrola de 9 de Julio; Roberto Dieringer de Chavarr\u00eda; Ricardo Romero de Colonia Pando; Rodolfo Maciel de Colonia Tatacu\u00e1; Olegario Gast\u00f3n Ram\u00edrez de Concepci\u00f3n; Ver\u00f3nica Esp\u00edndola de Curuz\u00fa Cuati\u00e1; Gast\u00f3n Cristian Olivetti de Esquina; Marcelo Scotto de Garruchos; Mart\u00edn Vera de General Alvear; Tom\u00e1s M\u00e9ndez Ribeiro de Guavirar\u00ed; Rolando Riveros Longoni de It\u00e1 Ibat\u00e9; Ra\u00fal Dalpr\u00e1 de Juan Pujol; Juan Marcelo Insaurralde de Mantilla; Edgar Galarza Florent\u00edn de Mburucuy\u00e1: Marcelo Tisoco de Mocoret\u00e1; Ver\u00f3nica Morales Maciel de San Cosme; Noel G\u00f3mez de Saladas; Jos\u00e9 Dardo Ignacio de Santa Rosa<br \/>\nPedro Vega interventor de El Caim\u00e1n.<\/p>\n<p>En tanto, los funcionarios de las \u00e1reas de econom\u00eda y hacienda de: 3 de Abril, Alberto Soto; de 9 de Julio, Sergio Ibarrola, y Mar\u00eda Antonia Aquino.<\/p>\n<p>Bella Vista, Yuliana Moreira; de Ca\u00e1 Cat\u00ed, Secretario de Finanzas, Econom\u00eda y Modernizaci\u00f3n, Ariel Fernando Zaracho. Capital: Zini Carbone Silva, Manuel Fondon, Ram\u00f3n Zamudio, Rub\u00e9n Dar\u00edo Arias, y Violeta Brest.<\/p>\n<p>Chavarr\u00eda: Macelo L\u00f3pez. Colonia Pando: Osvaldo Zacar\u00edas. Colonia Tatacu\u00e1: Marcelo Ru\u00edz D\u00edaz y Lionel Rodr\u00edguez. Curuz\u00fa Cuati\u00e1: Marcela S\u00e1nchez, Nicol\u00e1s \u00c1lvarez. El Caim\u00e1n: Gabriel Marquievech y Mar\u00eda Lorena Leguiza.<\/p>\n<p>El Sombrero: Gisella Mi\u00f1o. Esquina: Mart\u00edn Gatti y Adri\u00e1n Fern\u00e1ndez Acevedo. Felipe Yofre: Pablo Ferr\u00e1n. Garruchos: Alejandra Gallardo. General Alvear: Estela Vallejos. Gobernador Mart\u00ednez: Romina Pared y Carla Fern\u00e1ndez.<\/p>\n<p>Gobernador Virasoro: Mariana Ferreira, y Amancay Pintos. Goya: Gonzalo M\u00e9ndez Vidal. Ituzaing\u00f3: Jos\u00e9 Agust\u00edn Mu\u00f1\u00f3z. Juan Pujol: Celeste N\u00fa\u00f1ez y Mar\u00eda Ledesma. Mantilla: Alfredo Obreg\u00f3n y Fiorella Repetto. Mburucuy\u00e1: Fernanda Ibarra.<\/p>\n<p>Mercedes: Georgina Ver\u00f3n y Luc\u00eda Urgandor\u00edn. Paso de los Libres: Andr\u00e9s Gonz\u00e1lez. Perugorria: Contador Mat\u00edas Ayala, Soledad Lemos y Micaela Giles.<\/p>\n<p>Saladas: Fernando Acu\u00f1a; \u00c1ngel Esquivel, y Fernando Correa. Santa Ana: Mariana Florencia G\u00f3mez y Otilia Duarte. San Carlos: secretario de Gobierno Ivana Schrappe. San Miguel: secretario de Hacienda Joaqu\u00edn Mart\u00ednez.<\/p>\n<p>Santa Rosa: Javier Centuri\u00f3n. San Roque: secretario de Hacienda y Finanzas Pablo Bolo, y Alejandra Solis. Santo Tom\u00e9: secretario de Hacienda Hugo Insausti.<\/p>\n","protected":false},"excerpt":{"rendered":"<p>El Gobierno de Corrientes capacita a los municipios para que adhieran al r\u00e9gimen de responsabilidad fiscal. En este estatus, las comunas se beneficiar\u00e1n con cuentas p\u00fablicas ordenadas; capacidad de planificaci\u00f3n; fortaleza para el acceso a financiamientos; previsibilidad; mejora la calidad institucional, y transparenta la gesti\u00f3n ante los vecinos de cada localidad. A trav\u00e9s del Ministerio [&hellip;]<\/p>\n","protected":false},"author":2,"featured_media":11635,"comment_status":"open","ping_status":"open","sticky":false,"template":"","format":"standard","meta":{"footnotes":""},"categories":[79],"tags":[],"class_list":["post-11634","post","type-post","status-publish","format-standard","has-post-thumbnail","category-provincia"],"_links":{"self":[{"href":"https:\/\/radiokissnoticias.com.ar\/web\/wp-json\/wp\/v2\/posts\/11634","targetHints":{"allow":["GET"]}}],"collection":[{"href":"https:\/\/radiokissnoticias.com.ar\/web\/wp-json\/wp\/v2\/posts"}],"about":[{"href":"https:\/\/radiokissnoticias.com.ar\/web\/wp-json\/wp\/v2\/types\/post"}],"author":[{"embeddable":true,"href":"https:\/\/radiokissnoticias.com.ar\/web\/wp-json\/wp\/v2\/users\/2"}],"replies":[{"embeddable":true,"href":"https:\/\/radiokissnoticias.com.ar\/web\/wp-json\/wp\/v2\/comments?post=11634"}],"version-history":[{"count":1,"href":"https:\/\/radiokissnoticias.com.ar\/web\/wp-json\/wp\/v2\/posts\/11634\/revisions"}],"predecessor-version":[{"id":11636,"href":"https:\/\/radiokissnoticias.com.ar\/web\/wp-json\/wp\/v2\/posts\/11634\/revisions\/11636"}],"wp:featuredmedia":[{"embeddable":true,"href":"https:\/\/radiokissnoticias.com.ar\/web\/wp-json\/wp\/v2\/media\/11635"}],"wp:attachment":[{"href":"https:\/\/radiokissnoticias.com.ar\/web\/wp-json\/wp\/v2\/media?parent=11634"}],"wp:term":[{"taxonomy":"category","embeddable":true,"href":"https:\/\/radiokissnoticias.com.ar\/web\/wp-json\/wp\/v2\/categories?post=11634"},{"taxonomy":"post_tag","embeddable":true,"href":"https:\/\/radiokissnoticias.com.ar\/web\/wp-json\/wp\/v2\/tags?post=11634"}],"curies":[{"name":"wp","href":"https:\/\/api.w.org\/{rel}","templated":true}]}}