{"id":11631,"date":"2026-08-07T14:21:21","date_gmt":"2026-08-07T17:21:21","guid":{"rendered":"https:\/\/radiokissnoticias.com.ar\/web\/?p=11631"},"modified":"2026-08-07T14:21:21","modified_gmt":"2026-08-07T17:21:21","slug":"el-ipt-entregara-turnos-a-productores-para-renovacion-de-carnet","status":"publish","type":"post","link":"https:\/\/radiokissnoticias.com.ar\/web\/2026\/08\/07\/el-ipt-entregara-turnos-a-productores-para-renovacion-de-carnet\/","title":{"rendered":"El IPT entregar\u00e1 turnos a productores para renovaci\u00f3n de carnet"},"content":{"rendered":"<p>Se inicia el periodo de renovaci\u00f3n de carnet de productores tabacaleros, campa\u00f1a 2026- 2027, as\u00ed lo anunci\u00f3 el Interventor del Instituto Provincial del Tabaco Ingeniero Alejandro Correa, quien aclar\u00f3 que la fecha de inicio es el martes 18 de agosto en horario de oficina.<\/p>\n<p>Los productores interesados, podr\u00e1n solicitar turno, desde el lunes 10 a trav\u00e9s de la l\u00ednea de WhatsApp del \u00e1rea de Producci\u00f3n del IPT 3777 \u2013 643937.<\/p>\n","protected":false},"excerpt":{"rendered":"<p>Se inicia el periodo de renovaci\u00f3n de carnet de productores tabacaleros, campa\u00f1a 2026- 2027, as\u00ed lo anunci\u00f3 el Interventor del Instituto Provincial del Tabaco Ingeniero Alejandro Correa, quien aclar\u00f3 que la fecha de inicio es el martes 18 de agosto en horario de oficina. Los productores interesados, podr\u00e1n solicitar turno, desde el lunes 10 a [&hellip;]<\/p>\n","protected":false},"author":2,"featured_media":11632,"comment_status":"open","ping_status":"open","sticky":false,"template":"","format":"standard","meta":{"footnotes":""},"categories":[77],"tags":[],"class_list":["post-11631","post","type-post","status-publish","format-standard","has-post-thumbnail","category-local"],"_links":{"self":[{"href":"https:\/\/radiokissnoticias.com.ar\/web\/wp-json\/wp\/v2\/posts\/11631","targetHints":{"allow":["GET"]}}],"collection":[{"href":"https:\/\/radiokissnoticias.com.ar\/web\/wp-json\/wp\/v2\/posts"}],"about":[{"href":"https:\/\/radiokissnoticias.com.ar\/web\/wp-json\/wp\/v2\/types\/post"}],"author":[{"embeddable":true,"href":"https:\/\/radiokissnoticias.com.ar\/web\/wp-json\/wp\/v2\/users\/2"}],"replies":[{"embeddable":true,"href":"https:\/\/radiokissnoticias.com.ar\/web\/wp-json\/wp\/v2\/comments?post=11631"}],"version-history":[{"count":1,"href":"https:\/\/radiokissnoticias.com.ar\/web\/wp-json\/wp\/v2\/posts\/11631\/revisions"}],"predecessor-version":[{"id":11633,"href":"https:\/\/radiokissnoticias.com.ar\/web\/wp-json\/wp\/v2\/posts\/11631\/revisions\/11633"}],"wp:featuredmedia":[{"embeddable":true,"href":"https:\/\/radiokissnoticias.com.ar\/web\/wp-json\/wp\/v2\/media\/11632"}],"wp:attachment":[{"href":"https:\/\/radiokissnoticias.com.ar\/web\/wp-json\/wp\/v2\/media?parent=11631"}],"wp:term":[{"taxonomy":"category","embeddable":true,"href":"https:\/\/radiokissnoticias.com.ar\/web\/wp-json\/wp\/v2\/categories?post=11631"},{"taxonomy":"post_tag","embeddable":true,"href":"https:\/\/radiokissnoticias.com.ar\/web\/wp-json\/wp\/v2\/tags?post=11631"}],"curies":[{"name":"wp","href":"https:\/\/api.w.org\/{rel}","templated":true}]}}