{"id":11625,"date":"2026-08-07T14:11:00","date_gmt":"2026-08-07T17:11:00","guid":{"rendered":"https:\/\/radiokissnoticias.com.ar\/web\/?p=11625"},"modified":"2026-08-07T14:16:22","modified_gmt":"2026-08-07T17:16:22","slug":"marcha-contra-la-ley-de-propiedad-privada-la-ciudad-aseguro-que-arreglar-los-destrozos-en-el-congreso-costara-468-millones","status":"publish","type":"post","link":"https:\/\/radiokissnoticias.com.ar\/web\/2026\/08\/07\/marcha-contra-la-ley-de-propiedad-privada-la-ciudad-aseguro-que-arreglar-los-destrozos-en-el-congreso-costara-468-millones\/","title":{"rendered":"Marcha contra la Ley de Propiedad Privada: la Ciudad asegur\u00f3 que arreglar los destrozos en el Congreso costar\u00e1 $468 millones"},"content":{"rendered":"<p>El Gobierno porte\u00f1o detall\u00f3 el impacto econ\u00f3mico que caus\u00f3 la movilizaci\u00f3n en contra de la Ley de Propiedad Privada. Se registraron contenedores quemados, veredas rotas y patrulleros vandalizados.<\/p>\n<p><img loading=\"lazy\" decoding=\"async\" class=\"alignnone size-medium wp-image-11626\" src=\"https:\/\/radiokissnoticias.com.ar\/web\/wp-content\/uploads\/2026\/08\/descarga-2026-08-07T140955.246-300x168.jpeg\" alt=\"\" width=\"300\" height=\"168\" srcset=\"https:\/\/radiokissnoticias.com.ar\/web\/wp-content\/uploads\/2026\/08\/descarga-2026-08-07T140955.246-300x168.jpeg 300w, https:\/\/radiokissnoticias.com.ar\/web\/wp-content\/uploads\/2026\/08\/descarga-2026-08-07T140955.246-696x390.jpeg 696w, https:\/\/radiokissnoticias.com.ar\/web\/wp-content\/uploads\/2026\/08\/descarga-2026-08-07T140955.246.jpeg 738w\" sizes=\"auto, (max-width: 300px) 100vw, 300px\" \/>Despu\u00e9s de los graves incidentes ocurridos anoche en las inmediaciones del Congreso, el Gobierno de la Ciudad de Buenos Aires asegur\u00f3 que arreglar los destrozos costar\u00e1 $468 millones.<\/p>\n<p>El Gobierno porte\u00f1o tuvo que desplegar un operativo especial para restaurar la zona durante la madrugada con trabajos de limpieza y reparaci\u00f3n que ya concluyeron.<\/p>\n<p>C\u00f3mo se distribuyen los costos de los da\u00f1os<br \/>\nEl Gobierno porte\u00f1o detall\u00f3 el desglose de los gastos necesarios para devolver la zona a su estado original. El rubro m\u00e1s costoso fue la reparaci\u00f3n del pasto, que demand\u00f3 $270 millones.<\/p>\n<p>La reposici\u00f3n de cestos y contenedores incendiados o vandalizados, junto con el servicio adicional de limpieza, sum\u00f3 $130 millones.<\/p>\n<p>Por su parte, el arreglo del equipamiento urbano implic\u00f3 otros $38 millones, mientras que la reposici\u00f3n de plantas requiri\u00f3 $30 millones.<\/p>\n<p>El operativo de limpieza y los da\u00f1os a veh\u00edculos policiales<br \/>\nA pesar de la magnitud de los destrozos, la Ciudad logr\u00f3 limpiar la zona en pocas horas. Los equipos de limpieza trabajaron durante la madrugada para retirar escombros y reparar los da\u00f1os m\u00e1s urgentes.<\/p>\n<p>Adem\u00e1s de los da\u00f1os en el espacio p\u00fablico, los incidentes dejaron vidrios rotos en dos patrulleros y una camioneta policial, lo que sum\u00f3 m\u00e1s complicaciones al operativo de recuperaci\u00f3n.<\/p>\n<p>La marcha contra la Ley de Propiedad Privada termin\u00f3 con incidentes y al menos 26 detenidos<br \/>\nLa protesta frente al Congreso contra la Ley de Propiedad Privada escal\u00f3 a un fuerte enfrentamiento entre la polic\u00eda y un grupo de manifestantes que se extendi\u00f3 durante varias horas desde las 17 y sigui\u00f3 hasta pasadas las 21. Se contabilizaban al menos 26 detenidos y cinco heridos, entre ellos polic\u00edas.<\/p>\n<p>Todo comenz\u00f3 al borde de las vallas instaladas en las inmediaciones del Palacio Legislativo sobre la avenida Entre R\u00edos. Tras unas primeras horas de marcha pac\u00edfica, la polic\u00eda lanz\u00f3 gases y camiones hidrantes contra manifestantes que buscaban tirar las vallas.<\/p>\n<p>La tensi\u00f3n creci\u00f3 con el correr de las horas y hacia la noche, gran parte de la movilizaci\u00f3n ya se hab\u00eda desconcentrado en la plaza, pero la Prefectura, la Infanter\u00eda y la Polic\u00eda de la Ciudad avanzaban desde el Parlamento hasta la avenida 9 de Julio.<\/p>\n<p>Los incidentes comenzaron reci\u00e9n alrededor de las 17, cuando varios manifestantes avanzaron sobre el vallado y la polic\u00eda los dispers\u00f3 con el cami\u00f3n hidrante, gas pimienta y gases lacrim\u00f3genos. Tambi\u00e9n se vio a manifestantes romper baldosas, bancos y veredas de la plaza para tirarles escombros a las fuerzas federales. Hubo al menos nueve detenidos, seg\u00fan un reporte policial de las 21.<\/p>\n<p>Seguridad despleg\u00f3 la Polic\u00eda Federal, la Gendarmer\u00eda y la Prefectura en el marco del protocolo antipiquetes, que desde temprano se limit\u00f3 solo a restringir la circulaci\u00f3n en el per\u00edmetro de las avenidas Belgrano, Corrientes, Jujuy-Pueyrred\u00f3n y 9 de Julio, con mayor afectaci\u00f3n sobre Hip\u00f3lito Yrigoyen y las avenidas Callao, Entre R\u00edos y Rivadavia.<\/p>\n<p>Las fuerzas desconcentraron la manifestaci\u00f3n hacia la avenida 9 de Julio. Tambi\u00e9n se desplegaron efectivos de la Polic\u00eda de la Ciudad, que lleg\u00f3 a apostar un cami\u00f3n hidrante sobre las v\u00edas del metrobus.<\/p>\n<p>Seg\u00fan se inform\u00f3 desde el gobierno de Jorge Macri, una oficial de la polic\u00eda de la Ciudad result\u00f3 herida \u201ccon traumatismo en un codo por un piedrazo\u201d. Los efectivos porte\u00f1os intervinieron para repeler manifestantes en la Avenida Callao y Bartolom\u00e9 Mitre, en Callao y Corrientes y en la Avenida de Mayo y 9 de Julio. \u201cLos grupos violentos quemaron contenedores de basura y rompieron veredas. Y rompieron los vidrios de un patrullero\u201d, se inform\u00f3.<\/p>\n","protected":false},"excerpt":{"rendered":"<p>El Gobierno porte\u00f1o detall\u00f3 el impacto econ\u00f3mico que caus\u00f3 la movilizaci\u00f3n en contra de la Ley de Propiedad Privada. Se registraron contenedores quemados, veredas rotas y patrulleros vandalizados. Despu\u00e9s de los graves incidentes ocurridos anoche en las inmediaciones del Congreso, el Gobierno de la Ciudad de Buenos Aires asegur\u00f3 que arreglar los destrozos costar\u00e1 $468 [&hellip;]<\/p>\n","protected":false},"author":2,"featured_media":11629,"comment_status":"open","ping_status":"open","sticky":false,"template":"","format":"standard","meta":{"footnotes":""},"categories":[78],"tags":[],"class_list":["post-11625","post","type-post","status-publish","format-standard","has-post-thumbnail","category-nacional"],"_links":{"self":[{"href":"https:\/\/radiokissnoticias.com.ar\/web\/wp-json\/wp\/v2\/posts\/11625","targetHints":{"allow":["GET"]}}],"collection":[{"href":"https:\/\/radiokissnoticias.com.ar\/web\/wp-json\/wp\/v2\/posts"}],"about":[{"href":"https:\/\/radiokissnoticias.com.ar\/web\/wp-json\/wp\/v2\/types\/post"}],"author":[{"embeddable":true,"href":"https:\/\/radiokissnoticias.com.ar\/web\/wp-json\/wp\/v2\/users\/2"}],"replies":[{"embeddable":true,"href":"https:\/\/radiokissnoticias.com.ar\/web\/wp-json\/wp\/v2\/comments?post=11625"}],"version-history":[{"count":1,"href":"https:\/\/radiokissnoticias.com.ar\/web\/wp-json\/wp\/v2\/posts\/11625\/revisions"}],"predecessor-version":[{"id":11628,"href":"https:\/\/radiokissnoticias.com.ar\/web\/wp-json\/wp\/v2\/posts\/11625\/revisions\/11628"}],"wp:featuredmedia":[{"embeddable":true,"href":"https:\/\/radiokissnoticias.com.ar\/web\/wp-json\/wp\/v2\/media\/11629"}],"wp:attachment":[{"href":"https:\/\/radiokissnoticias.com.ar\/web\/wp-json\/wp\/v2\/media?parent=11625"}],"wp:term":[{"taxonomy":"category","embeddable":true,"href":"https:\/\/radiokissnoticias.com.ar\/web\/wp-json\/wp\/v2\/categories?post=11625"},{"taxonomy":"post_tag","embeddable":true,"href":"https:\/\/radiokissnoticias.com.ar\/web\/wp-json\/wp\/v2\/tags?post=11625"}],"curies":[{"name":"wp","href":"https:\/\/api.w.org\/{rel}","templated":true}]}}