{"id":11619,"date":"2026-08-07T14:03:12","date_gmt":"2026-08-07T17:03:12","guid":{"rendered":"https:\/\/radiokissnoticias.com.ar\/web\/?p=11619"},"modified":"2026-08-07T14:03:12","modified_gmt":"2026-08-07T17:03:12","slug":"el-stj-freno-un-sobreseimiento-por-vencimiento-de-plazos-y-reactivo-una-causa-por-depredacion-de-fauna-silvestre","status":"publish","type":"post","link":"https:\/\/radiokissnoticias.com.ar\/web\/2026\/08\/07\/el-stj-freno-un-sobreseimiento-por-vencimiento-de-plazos-y-reactivo-una-causa-por-depredacion-de-fauna-silvestre\/","title":{"rendered":"El STJ fren\u00f3 un sobreseimiento por vencimiento de plazos y reactiv\u00f3 una causa por depredaci\u00f3n de fauna silvestre"},"content":{"rendered":"<p>Por mayor\u00eda, el Superior Tribunal de Justicia revoc\u00f3 el archivo de la causa al considerar que el vencimiento del plazo m\u00e1ximo previsto en el C\u00f3digo Procesal Penal no extingue por s\u00ed solo la acci\u00f3n penal. Adem\u00e1s, orden\u00f3 que el proceso contin\u00fae y dispuso evaluar eventuales responsabilidades funcionales por las demoras. El Panseri vot\u00f3 en disidencia y consider\u00f3 que el art\u00edculo 145 constituye una norma plenamente vigente y que el plazo m\u00e1ximo previsto por la ley debe tener consecuencias efectivas sobre la continuidad del proceso.<\/p>\n<p>El Superior Tribunal de Justicia de Corrientes hizo lugar al recurso de casaci\u00f3n del Ministerio P\u00fablico Fiscal, dej\u00f3 sin efecto el sobreseimiento de un imputado por depredaci\u00f3n de fauna silvestre agravada y fij\u00f3 un criterio sobre el alcance del art\u00edculo 145 del C\u00f3digo Procesal Penal: el vencimiento del plazo m\u00e1ximo del proceso no extingue por s\u00ed solo la acci\u00f3n penal. Adem\u00e1s, dispuso remitir las actuaciones a la Fiscal\u00eda General para evaluar eventuales responsabilidades funcionales por las demoras registradas.<\/p>\n<p>En la Sentencia N\u00b0 149 hizo lugar al recurso de casaci\u00f3n interpuesto por el Ministerio P\u00fablico Fiscal contra una resoluci\u00f3n del Tribunal de Revisi\u00f3n de la Tercera Circunscripci\u00f3n Judicial que hab\u00eda confirmado el sobreseimiento de Yonathan Leonel Huguetti, alias \u201cYona\u201d, por considerar extinguida la acci\u00f3n penal debido al vencimiento del plazo previsto en el art\u00edculo 145 del C\u00f3digo Procesal Penal.<\/p>\n<p>El fallo fue dictado el 5 de agosto de 2026 por el Superior Tribunal integrado por su presidente, doctor Guillermo Horacio Semhan, y los ministros doctores Alejandro Alberto Cha\u00edn, Eduardo Gilberto Panseri, Luis Eduardo Rey V\u00e1zquez y Fernando Augusto Niz.<\/p>\n<p><b>El hecho investigado<\/b><\/p>\n<p>La causa tiene como imputado a Yonathan Leonel Huguetti, acusado por el delito de depredaci\u00f3n de la fauna silvestre agravada por el n\u00famero de personas, previsto en el art\u00edculo 25, segundo p\u00e1rrafo, de la Ley Nacional N\u00b0 22.421, en concurso con el art\u00edculo 45 del C\u00f3digo Penal.<\/p>\n<p>Durante la audiencia de ofrecimiento de pruebas, la defensa solicit\u00f3 la extinci\u00f3n de la acci\u00f3n penal por haber transcurrido el plazo m\u00e1ximo previsto en el art\u00edculo 145 del C\u00f3digo Procesal Penal de Corrientes. El planteo fue aceptado por el Juzgado de Garant\u00edas y posteriormente confirmado por el Tribunal de Revisi\u00f3n, que dispuso el sobreseimiento del imputado.<\/p>\n<p>Frente a esa decisi\u00f3n, el Ministerio P\u00fablico Fiscal interpuso recurso de casaci\u00f3n al sostener que el vencimiento del plazo procesal no pod\u00eda convertirse en una nueva causal de extinci\u00f3n de la acci\u00f3n penal no prevista por el C\u00f3digo Penal de la Naci\u00f3n.<\/p>\n<p><b>La votaci\u00f3n del Superior Tribunal<\/b><\/p>\n<p>En el primer voto que correspondi\u00f3 al ministro del STJ, doctor Alejandro Alberto Cha\u00edn, el doctor sostuvo que el art\u00edculo 145 del C\u00f3digo Procesal Penal fija un l\u00edmite temporal para la duraci\u00f3n del proceso, pero no crea una causal aut\u00f3noma de extinci\u00f3n de la acci\u00f3n penal.<\/p>\n<p>Entre sus principales fundamentos afirm\u00f3: \u201cEl vencimiento del plazo m\u00e1ximo previsto en el art. 145 no constituye una causal aut\u00f3noma de extinci\u00f3n de la acci\u00f3n penal ni habilita, por s\u00ed mismo, el archivo o sobreseimiento de las actuaciones.\u201d<\/p>\n<p>Asimismo, remarc\u00f3 que las consecuencias por el incumplimiento de esos plazos deben canalizarse mediante las responsabilidades funcionales previstas en el art\u00edculo 150 del C\u00f3digo Procesal Penal y no mediante el cierre definitivo del proceso.<\/p>\n<p>El presidente del STJ, doctor Guillermo Horacio Semhan adhiri\u00f3 \u00edntegramente al voto del doctor Cha\u00edn. En igual sentido se pronunciaron los ministros doctores Luis Eduardo Rey V\u00e1zquez y Fernando Augusto Niz.<\/p>\n","protected":false},"excerpt":{"rendered":"<p>Por mayor\u00eda, el Superior Tribunal de Justicia revoc\u00f3 el archivo de la causa al considerar que el vencimiento del plazo m\u00e1ximo previsto en el C\u00f3digo Procesal Penal no extingue por s\u00ed solo la acci\u00f3n penal. Adem\u00e1s, orden\u00f3 que el proceso contin\u00fae y dispuso evaluar eventuales responsabilidades funcionales por las demoras. El Panseri vot\u00f3 en disidencia [&hellip;]<\/p>\n","protected":false},"author":2,"featured_media":11620,"comment_status":"open","ping_status":"open","sticky":false,"template":"","format":"standard","meta":{"footnotes":""},"categories":[82],"tags":[],"class_list":["post-11619","post","type-post","status-publish","format-standard","has-post-thumbnail","category-policiales"],"_links":{"self":[{"href":"https:\/\/radiokissnoticias.com.ar\/web\/wp-json\/wp\/v2\/posts\/11619","targetHints":{"allow":["GET"]}}],"collection":[{"href":"https:\/\/radiokissnoticias.com.ar\/web\/wp-json\/wp\/v2\/posts"}],"about":[{"href":"https:\/\/radiokissnoticias.com.ar\/web\/wp-json\/wp\/v2\/types\/post"}],"author":[{"embeddable":true,"href":"https:\/\/radiokissnoticias.com.ar\/web\/wp-json\/wp\/v2\/users\/2"}],"replies":[{"embeddable":true,"href":"https:\/\/radiokissnoticias.com.ar\/web\/wp-json\/wp\/v2\/comments?post=11619"}],"version-history":[{"count":1,"href":"https:\/\/radiokissnoticias.com.ar\/web\/wp-json\/wp\/v2\/posts\/11619\/revisions"}],"predecessor-version":[{"id":11621,"href":"https:\/\/radiokissnoticias.com.ar\/web\/wp-json\/wp\/v2\/posts\/11619\/revisions\/11621"}],"wp:featuredmedia":[{"embeddable":true,"href":"https:\/\/radiokissnoticias.com.ar\/web\/wp-json\/wp\/v2\/media\/11620"}],"wp:attachment":[{"href":"https:\/\/radiokissnoticias.com.ar\/web\/wp-json\/wp\/v2\/media?parent=11619"}],"wp:term":[{"taxonomy":"category","embeddable":true,"href":"https:\/\/radiokissnoticias.com.ar\/web\/wp-json\/wp\/v2\/categories?post=11619"},{"taxonomy":"post_tag","embeddable":true,"href":"https:\/\/radiokissnoticias.com.ar\/web\/wp-json\/wp\/v2\/tags?post=11619"}],"curies":[{"name":"wp","href":"https:\/\/api.w.org\/{rel}","templated":true}]}}