{"id":11607,"date":"2026-08-07T08:17:48","date_gmt":"2026-08-07T11:17:48","guid":{"rendered":"https:\/\/radiokissnoticias.com.ar\/web\/?p=11607"},"modified":"2026-08-07T08:17:48","modified_gmt":"2026-08-07T11:17:48","slug":"caso-loan-pericias-complican-a-dos-acusados-y-el-americano-denuncia-ataques-en-la-carcel","status":"publish","type":"post","link":"https:\/\/radiokissnoticias.com.ar\/web\/2026\/08\/07\/caso-loan-pericias-complican-a-dos-acusados-y-el-americano-denuncia-ataques-en-la-carcel\/","title":{"rendered":"Caso Loan: Pericias complican a dos acusados y el &#8220;Americano&#8221; denuncia ataques en la c\u00e1rcel"},"content":{"rendered":"<p>El perito forense ratific\u00f3 rastros de olor del menor en veh\u00edculos del matrimonio P\u00e9rez-Caillava. Soria pidi\u00f3 la palabra, denunci\u00f3 agresiones y evit\u00f3 responder preguntas.<\/p>\n<p>El desarrollo del juicio oral y p\u00fablico por la desaparici\u00f3n del ni\u00f1o Loan Danilo Pe\u00f1a contin\u00faa revelando elementos de alto impacto probatorio durante las \u00faltimas audiencias celebradas en el Tribunal Oral Federal de Corrientes. En esta etapa del proceso, el debate incorpor\u00f3 declaraciones testimoniales de extrema relevancia cient\u00edfica y operativa que acorralan a\u00fan m\u00e1s a los principales imputados, al tiempo que se registraron momentos de fuerte tensi\u00f3n institucional con la inesperada intervenci\u00f3n del procesado Nicol\u00e1s &#8220;El Americano&#8221; Soria.<\/p>\n<p>Entre los testimonios m\u00e1s destacados de las \u00faltimas jornadas sobresali\u00f3 la exposici\u00f3n del veterinario y referente de odorolog\u00eda forense del Ministerio de Seguridad, Mario Rolando Rosillo, quien estuvo a cargo de las pericias sobre los veh\u00edculos secuestrados a Carlos P\u00e9rez y Mar\u00eda Victoria Caillava. Con contundencia t\u00e9cnica ante los magistrados, el especialista ratific\u00f3 la evidencia m\u00e1s contundente sobre el rumbo que le habr\u00edan dado al menor al confirmar que los perros adiestrados detectaron rastros fehacientes de olor humano de Loan en los asientos traseros tanto de la camioneta Ford Ranger como del autom\u00f3vil Ford Ka.<\/p>\n<p>Rosillo detall\u00f3 que la s diligencias se concretaron el 16 de junio, tras ser convocado por las autoridades provinciales, y precis\u00f3 que para llevar a cabo los cotejos solicit\u00f3 la valiosa participaci\u00f3n de equipos especializados provenientes de Salta, a cargo de Maril\u00fa V\u00e1zquez con dos canes, y del sargento primero Guillermo Gustavo Romero acompa\u00f1ado por el can Arand\u00fa.<\/p>\n<p>El perito explic\u00f3 ante el tribunal que la odorolog\u00eda forense utiliza gasas est\u00e9riles para capturar huellas de olor humano, un m\u00e9todo altamente confiable cuando se realiza dentro de las primeras horas posteriores al hecho, tal como ocurri\u00f3 en este caso al ejecutarse dentro del margen de las 72 horas. No obstante, el experto reconoci\u00f3 las complejidades operativas del escenario al se\u00f1alar que los rodados se encontraban en dependencias policiales bajo la \u00f3rbita del entonces comisario Walter Maciel, sin contar con fajas ni precintos formales de seguridad, aunque aclar\u00f3 que las llaves estaban retenidas en la comisar\u00eda.<\/p>\n<p>La marcaci\u00f3n pasiva \u2014es decir, cuando el perro se sienta sobre el objetivo\u2014 se produjo de manera categ\u00f3rica sobre la camioneta Ranger y el Ford Ka, mientras que en las pericias realizadas sobre un Volkswagen Voyage los resultados fueron negativos. Este informe cient\u00edfico debilita dr\u00e1sticamente los argumentos exculpatorios esgrimidos por los due\u00f1os de los veh\u00edculos sobre supuestos traslados posteriores de familiares, consolidando la hip\u00f3tesis de la fiscal\u00eda acerca del uso de los rodados en la maniobra de sustracci\u00f3n.<\/p>\n<p>En paralelo, la duod\u00e9cima y decimotercera audiencia del debate incorporaron las testimoniales de efectivos policiales, prefectos y vecinos que reconstruyeron el caos operativo de los primeros d\u00edas y las contradicciones de los sospechosos.<\/p>\n<p>Entre ellos declar\u00f3 el oficial Silvio Oscar Acu\u00f1a, quien detall\u00f3 los movimientos registrados durante la madrugada de los rastrillajes iniciales y confirm\u00f3 el impacto negativo que gener\u00f3 una falsa alarma sobre la supuesta aparici\u00f3n del ni\u00f1o, situaci\u00f3n que provoc\u00f3 un cese moment\u00e1neo y desordenado en las tareas de b\u00fasqueda sobre el terreno.<\/p>\n<p>En la misma l\u00ednea, el vecino Santiago Fabi\u00e1n Maidana record\u00f3 c\u00f3mo se enter\u00f3 de la desaparici\u00f3n a trav\u00e9s de las redes sociales y relat\u00f3 el momento de confusi\u00f3n colectiva generado cerca de la casa de la abuela Catalina cuando corri\u00f3 el falso rumor del hallazgo de Loan. Asimismo, el prefecto Reinaldo Waldir Nake, exjefe de Prefectura en Goya, aport\u00f3 detalles sobre el apoyo log\u00edstico brindado en la zona y advirti\u00f3 sobre la &#8220;actitud hostil&#8221; demostrada por Nicol\u00e1s Soria cuando se intent\u00f3 notificar la orden judicial para que los menores que permanec\u00edan junto al autodenominado grupo de la Fundaci\u00f3n Dupuy regresaran a sus hogares.<\/p>\n<p>La ronda de declaraciones incluy\u00f3 adem\u00e1s al veterinario \u00c1ngel Fabi\u00e1n Duarte, ex empleador de Antonio Ben\u00edtez, quien modific\u00f3 parcialmente su versi\u00f3n anterior sobre la vestimenta que llevaba el imputado la tarde del 13 de junio de 2024, cuando se lo vio con una actitud err\u00e1tica solicitando una linterna bajo el pretexto de buscar a su sobrino.<\/p>\n<p>&#8220;Rol de v\u00edctima&#8221;<\/p>\n<p>Soria solicit\u00f3 formalmente la palabra al tribunal para denunciar las precarias y peligrosas condiciones de detenci\u00f3n que padece en la Unidad Penitenciaria Federal N\u00b0 7 de la ciudad de Resistencia donde en d\u00edas posteriores al hecho, ingres\u00f3 al recinto bajo fuertes medidas de seguridad y protagoniz\u00f3 un discurso en el que se neg\u00f3 terminantemente a responder las preguntas de la fiscal\u00eda y de la querella. &#8220;No es mi intenci\u00f3n cumplir ac\u00e1 un rol de v\u00edctima. Considero que las \u00fanicas v\u00edctimas de este caso son Loan, la familia de Loan y los imputados, que son inocentes&#8221;, manifest\u00f3 sin vacilar ante los jueces.<\/p>\n","protected":false},"excerpt":{"rendered":"<p>El perito forense ratific\u00f3 rastros de olor del menor en veh\u00edculos del matrimonio P\u00e9rez-Caillava. Soria pidi\u00f3 la palabra, denunci\u00f3 agresiones y evit\u00f3 responder preguntas. El desarrollo del juicio oral y p\u00fablico por la desaparici\u00f3n del ni\u00f1o Loan Danilo Pe\u00f1a contin\u00faa revelando elementos de alto impacto probatorio durante las \u00faltimas audiencias celebradas en el Tribunal Oral [&hellip;]<\/p>\n","protected":false},"author":2,"featured_media":11608,"comment_status":"open","ping_status":"open","sticky":false,"template":"","format":"standard","meta":{"footnotes":""},"categories":[82],"tags":[],"class_list":["post-11607","post","type-post","status-publish","format-standard","has-post-thumbnail","category-policiales"],"_links":{"self":[{"href":"https:\/\/radiokissnoticias.com.ar\/web\/wp-json\/wp\/v2\/posts\/11607","targetHints":{"allow":["GET"]}}],"collection":[{"href":"https:\/\/radiokissnoticias.com.ar\/web\/wp-json\/wp\/v2\/posts"}],"about":[{"href":"https:\/\/radiokissnoticias.com.ar\/web\/wp-json\/wp\/v2\/types\/post"}],"author":[{"embeddable":true,"href":"https:\/\/radiokissnoticias.com.ar\/web\/wp-json\/wp\/v2\/users\/2"}],"replies":[{"embeddable":true,"href":"https:\/\/radiokissnoticias.com.ar\/web\/wp-json\/wp\/v2\/comments?post=11607"}],"version-history":[{"count":1,"href":"https:\/\/radiokissnoticias.com.ar\/web\/wp-json\/wp\/v2\/posts\/11607\/revisions"}],"predecessor-version":[{"id":11609,"href":"https:\/\/radiokissnoticias.com.ar\/web\/wp-json\/wp\/v2\/posts\/11607\/revisions\/11609"}],"wp:featuredmedia":[{"embeddable":true,"href":"https:\/\/radiokissnoticias.com.ar\/web\/wp-json\/wp\/v2\/media\/11608"}],"wp:attachment":[{"href":"https:\/\/radiokissnoticias.com.ar\/web\/wp-json\/wp\/v2\/media?parent=11607"}],"wp:term":[{"taxonomy":"category","embeddable":true,"href":"https:\/\/radiokissnoticias.com.ar\/web\/wp-json\/wp\/v2\/categories?post=11607"},{"taxonomy":"post_tag","embeddable":true,"href":"https:\/\/radiokissnoticias.com.ar\/web\/wp-json\/wp\/v2\/tags?post=11607"}],"curies":[{"name":"wp","href":"https:\/\/api.w.org\/{rel}","templated":true}]}}