{"id":11583,"date":"2026-08-06T19:57:24","date_gmt":"2026-08-06T22:57:24","guid":{"rendered":"https:\/\/radiokissnoticias.com.ar\/web\/?p=11583"},"modified":"2026-08-06T19:57:24","modified_gmt":"2026-08-06T22:57:24","slug":"escuela-normal-de-goya-festeja-139-anos-lunes-acto-central-y-martes-recibira-a-sus-promociones-de-alumnos","status":"publish","type":"post","link":"https:\/\/radiokissnoticias.com.ar\/web\/2026\/08\/06\/escuela-normal-de-goya-festeja-139-anos-lunes-acto-central-y-martes-recibira-a-sus-promociones-de-alumnos\/","title":{"rendered":"Escuela Normal de Goya festeja 139 a\u00f1os: lunes acto central y martes recibir\u00e1 a sus promociones de alumnos"},"content":{"rendered":"<p>La comunidad educativa de la Escuela Normal &#8220;Mariano I. Loza&#8221; festeja cumplea\u00f1os y convoca al reencuentro de egresados, invitando a que las promociones que celebran aniversario coloquen su placa conmemorativa y compartan este momento tan especial. La rectora de la instituci\u00f3n, profesora Graciela B\u00e1ez, adelant\u00f3 la grilla de actividades.<\/p>\n<p><img loading=\"lazy\" decoding=\"async\" class=\"alignnone size-medium wp-image-11584\" src=\"https:\/\/radiokissnoticias.com.ar\/web\/wp-content\/uploads\/2026\/08\/descarga-2026-08-06T195452.343-300x146.jpeg\" alt=\"\" width=\"300\" height=\"146\" srcset=\"https:\/\/radiokissnoticias.com.ar\/web\/wp-content\/uploads\/2026\/08\/descarga-2026-08-06T195452.343-300x146.jpeg 300w, https:\/\/radiokissnoticias.com.ar\/web\/wp-content\/uploads\/2026\/08\/descarga-2026-08-06T195452.343-533x261.jpeg 533w, https:\/\/radiokissnoticias.com.ar\/web\/wp-content\/uploads\/2026\/08\/descarga-2026-08-06T195452.343.jpeg 641w\" sizes=\"auto, (max-width: 300px) 100vw, 300px\" \/><\/p>\n<p><img loading=\"lazy\" decoding=\"async\" class=\"alignnone size-medium wp-image-11585\" src=\"https:\/\/radiokissnoticias.com.ar\/web\/wp-content\/uploads\/2026\/08\/descarga-2026-08-06T195457.574-212x300.jpeg\" alt=\"\" width=\"212\" height=\"300\" srcset=\"https:\/\/radiokissnoticias.com.ar\/web\/wp-content\/uploads\/2026\/08\/descarga-2026-08-06T195457.574-212x300.jpeg 212w, https:\/\/radiokissnoticias.com.ar\/web\/wp-content\/uploads\/2026\/08\/descarga-2026-08-06T195457.574-724x1024.jpeg 724w, https:\/\/radiokissnoticias.com.ar\/web\/wp-content\/uploads\/2026\/08\/descarga-2026-08-06T195457.574-768x1086.jpeg 768w, https:\/\/radiokissnoticias.com.ar\/web\/wp-content\/uploads\/2026\/08\/descarga-2026-08-06T195457.574-1086x1536.jpeg 1086w, https:\/\/radiokissnoticias.com.ar\/web\/wp-content\/uploads\/2026\/08\/descarga-2026-08-06T195457.574-297x420.jpeg 297w, https:\/\/radiokissnoticias.com.ar\/web\/wp-content\/uploads\/2026\/08\/descarga-2026-08-06T195457.574-696x985.jpeg 696w, https:\/\/radiokissnoticias.com.ar\/web\/wp-content\/uploads\/2026\/08\/descarga-2026-08-06T195457.574-1068x1511.jpeg 1068w, https:\/\/radiokissnoticias.com.ar\/web\/wp-content\/uploads\/2026\/08\/descarga-2026-08-06T195457.574.jpeg 1131w\" sizes=\"auto, (max-width: 212px) 100vw, 212px\" \/><\/p>\n<p><img loading=\"lazy\" decoding=\"async\" class=\"alignnone size-medium wp-image-11586\" src=\"https:\/\/radiokissnoticias.com.ar\/web\/wp-content\/uploads\/2026\/08\/descarga-2026-08-06T195503.267-212x300.jpeg\" alt=\"\" width=\"212\" height=\"300\" srcset=\"https:\/\/radiokissnoticias.com.ar\/web\/wp-content\/uploads\/2026\/08\/descarga-2026-08-06T195503.267-212x300.jpeg 212w, https:\/\/radiokissnoticias.com.ar\/web\/wp-content\/uploads\/2026\/08\/descarga-2026-08-06T195503.267-724x1024.jpeg 724w, https:\/\/radiokissnoticias.com.ar\/web\/wp-content\/uploads\/2026\/08\/descarga-2026-08-06T195503.267-768x1086.jpeg 768w, https:\/\/radiokissnoticias.com.ar\/web\/wp-content\/uploads\/2026\/08\/descarga-2026-08-06T195503.267-1086x1536.jpeg 1086w, https:\/\/radiokissnoticias.com.ar\/web\/wp-content\/uploads\/2026\/08\/descarga-2026-08-06T195503.267-297x420.jpeg 297w, https:\/\/radiokissnoticias.com.ar\/web\/wp-content\/uploads\/2026\/08\/descarga-2026-08-06T195503.267-696x985.jpeg 696w, https:\/\/radiokissnoticias.com.ar\/web\/wp-content\/uploads\/2026\/08\/descarga-2026-08-06T195503.267-1068x1511.jpeg 1068w, https:\/\/radiokissnoticias.com.ar\/web\/wp-content\/uploads\/2026\/08\/descarga-2026-08-06T195503.267.jpeg 1131w\" sizes=\"auto, (max-width: 212px) 100vw, 212px\" \/><\/p>\n<p>El acto central iniciar\u00e1 oficialmente este lunes 10 de agosto con una sencilla ceremonia en sus instalaciones. El d\u00eda martes 11 tendr\u00e1 lugar el &#8220;Camino a los 140 a\u00f1os&#8221;, antesala al gran aniversario que se celebrar\u00e1 en 2027.<\/p>\n<p><b>LUNES 10<\/b><\/p>\n<p>El acto central iniciar\u00e1 este lunes 10 a las 10 de la ma\u00f1ana, con el total del alumnado ingresando en horario normal. All\u00ed transcurrir\u00e1 diversos pasajes como la entrega de presentes a docentes jubilados del a\u00f1o pasado y este a\u00f1o y una intervenci\u00f3n art\u00edstica. A las 16 horas tendr\u00e1 lugar la tradicional caminata con la participaci\u00f3n de la comunidad educativa, con salida desde las puertas de la instituci\u00f3n.<\/p>\n<p><b>CRONOGRAMA<\/b><\/p>\n<p>7:45 a.m. Izamiento de la Bandera Nacional<\/p>\n<p>Lugar: Patio de la Escuela Normal<\/p>\n<p>10:00 a.m. Acto Central<\/p>\n<p>Lugar: Patio de la Escuela Normal<\/p>\n<p>9:45 a.m. Recepci\u00f3n de Autoridades y p\u00fablico en general<\/p>\n<p>10:00 a.m. -Entrada de las Banderas de Ceremonia.<\/p>\n<p>-Entrada de los Jubilados.<\/p>\n<p>-Himno Nacional Argentino.<\/p>\n<p>-Palabras Alusivas a cargo de la docente Selva Vera.<\/p>\n<p>-Entrega de Obsequios a Jubilados.<\/p>\n<p>-Palabras a cargo de la Rectora Graciela B\u00e1ez.<\/p>\n<p>-Himno a la Escuela Normal por alumnos del Taller de M\u00fasica, 1\u00b0 2\u00b0, 2\u00b01\u00b0 y 31\u00b0.<\/p>\n<p>-Retiro de las Banderas de Ceremonia.<\/p>\n<p>&#8211; Intervenci\u00f3n art\u00edstica a cargo de Nivel Inicial,<\/p>\n<p>Primario y Secundario.<\/p>\n<p>-Desconcentraci\u00f3n.<\/p>\n<p>16:00 p.m. Caminata Tradicional por la ciudad<\/p>\n<p>Lugar de concentraci\u00f3n: Escuela Normal<\/p>\n<p><b>MARTES 11<\/b><\/p>\n<p>La profesora Graciela B\u00e1ez, convoc\u00f3 a los egresados que cumplen 25, 30, 40 y 50 a\u00f1os de graduados a participar de una jornada de reencuentro y colocaci\u00f3n de placas conmemorativas el d\u00eda martes 11.<\/p>\n<p>Invit\u00f3 a que las promociones que celebran aniversario coloquen sus respectivas placas conmemorativas y compartan este momento tan especial. Estar\u00e1n presentes ex alumnos de las Promociones: 1976, 1986, 1991 y 2021 &#8220;que son los alumnos que se contactaron y van a venir a colocar sus placas conmemorativas&#8221; dijo.<\/p>\n<p>&#8220;Este ser\u00e1 un encuentro totalmente desestructurado, muy emotivo seguramente, todos los a\u00f1os es distinto, la emoci\u00f3n siempre a flor de piel en esa ocasi\u00f3n&#8221;.<\/p>\n<p>Se\u00f1al\u00f3 -adem\u00e1s- que cada Promoci\u00f3n ser\u00e1 la encargada de invitar a sus profesores y familiares si as\u00ed lo deseen, para que este d\u00eda est\u00e9n presentes. El establecimiento les abre las puertas a todos para que expresen la emoci\u00f3n del reencuentro y sede un lugar en sus paredes para que sus alumnos perpet\u00faen el paso por la instituci\u00f3n.<\/p>\n<p>Direcci\u00f3n de Prensa \u2013 Municipalidad de Goya.<\/p>\n","protected":false},"excerpt":{"rendered":"<p>La comunidad educativa de la Escuela Normal &#8220;Mariano I. Loza&#8221; festeja cumplea\u00f1os y convoca al reencuentro de egresados, invitando a que las promociones que celebran aniversario coloquen su placa conmemorativa y compartan este momento tan especial. La rectora de la instituci\u00f3n, profesora Graciela B\u00e1ez, adelant\u00f3 la grilla de actividades. El acto central iniciar\u00e1 oficialmente este [&hellip;]<\/p>\n","protected":false},"author":2,"featured_media":11587,"comment_status":"open","ping_status":"open","sticky":false,"template":"","format":"standard","meta":{"footnotes":""},"categories":[77],"tags":[],"class_list":["post-11583","post","type-post","status-publish","format-standard","has-post-thumbnail","category-local"],"_links":{"self":[{"href":"https:\/\/radiokissnoticias.com.ar\/web\/wp-json\/wp\/v2\/posts\/11583","targetHints":{"allow":["GET"]}}],"collection":[{"href":"https:\/\/radiokissnoticias.com.ar\/web\/wp-json\/wp\/v2\/posts"}],"about":[{"href":"https:\/\/radiokissnoticias.com.ar\/web\/wp-json\/wp\/v2\/types\/post"}],"author":[{"embeddable":true,"href":"https:\/\/radiokissnoticias.com.ar\/web\/wp-json\/wp\/v2\/users\/2"}],"replies":[{"embeddable":true,"href":"https:\/\/radiokissnoticias.com.ar\/web\/wp-json\/wp\/v2\/comments?post=11583"}],"version-history":[{"count":1,"href":"https:\/\/radiokissnoticias.com.ar\/web\/wp-json\/wp\/v2\/posts\/11583\/revisions"}],"predecessor-version":[{"id":11588,"href":"https:\/\/radiokissnoticias.com.ar\/web\/wp-json\/wp\/v2\/posts\/11583\/revisions\/11588"}],"wp:featuredmedia":[{"embeddable":true,"href":"https:\/\/radiokissnoticias.com.ar\/web\/wp-json\/wp\/v2\/media\/11587"}],"wp:attachment":[{"href":"https:\/\/radiokissnoticias.com.ar\/web\/wp-json\/wp\/v2\/media?parent=11583"}],"wp:term":[{"taxonomy":"category","embeddable":true,"href":"https:\/\/radiokissnoticias.com.ar\/web\/wp-json\/wp\/v2\/categories?post=11583"},{"taxonomy":"post_tag","embeddable":true,"href":"https:\/\/radiokissnoticias.com.ar\/web\/wp-json\/wp\/v2\/tags?post=11583"}],"curies":[{"name":"wp","href":"https:\/\/api.w.org\/{rel}","templated":true}]}}