{"id":11580,"date":"2026-08-06T19:51:57","date_gmt":"2026-08-06T22:51:57","guid":{"rendered":"https:\/\/radiokissnoticias.com.ar\/web\/?p=11580"},"modified":"2026-08-07T00:55:01","modified_gmt":"2026-08-07T03:55:01","slug":"subcampeon-en-goya-la-backyard-es-un-testeo-mental-y-fisico-de-la-vida-dijo-ezequiel-gomez","status":"publish","type":"post","link":"https:\/\/radiokissnoticias.com.ar\/web\/2026\/08\/06\/subcampeon-en-goya-la-backyard-es-un-testeo-mental-y-fisico-de-la-vida-dijo-ezequiel-gomez\/","title":{"rendered":"Subcampe\u00f3n en Goya: \u201cLa Backyard es un testeo mental y f\u00edsico de la vida\u201d, dijo Ezequiel G\u00f3mez"},"content":{"rendered":"<p>El atleta de Col\u00f3n, Entre R\u00edos, complet\u00f3 26 horas de competencia, bati\u00f3 su propio r\u00e9cord y recorri\u00f3 174 kil\u00f3metros en la primera \u201cBackyard Ultra\u201d realizada en Goya. Destac\u00f3 el nivel de la organizaci\u00f3n, el acompa\u00f1amiento del p\u00fablico y asegur\u00f3 que volver\u00e1 a competir el pr\u00f3ximo a\u00f1o. \u201cLo que pas\u00f3 en Goya fue \u00e9pico, sin precedentes. La gente nos llev\u00f3 hasta el final\u201d, expres\u00f3 emocionado Ezequiel G\u00f3mez.<\/p>\n<p>La primera edici\u00f3n de la \u201cBackyard Ultra\u201d de Goya que se disput\u00f3 el 1 y 2 de agosto en nuestra ciudad, dej\u00f3 una competencia hist\u00f3rica para el atletismo de resistencia. Con 88 corredores de distintos puntos del pa\u00eds, la prueba se extendi\u00f3 durante m\u00e1s de un d\u00eda hasta consagrar como ganador al platense Gast\u00f3n Gennai, quien complet\u00f3 27 horas de carrera. Apenas una vuelta detr\u00e1s finaliz\u00f3 el entrerriano Ezequiel G\u00f3mez, de Col\u00f3n, quien alcanz\u00f3 las 26 horas de competencia, recorri\u00f3 174 kil\u00f3metros y calific\u00f3 la experiencia vivida en Costa Surub\u00ed como \u201c\u00e9pica\u201d.<\/p>\n<p>La \u201cBackyard Ultra\u201d propone un formato diferente a cualquier otra carrera. Los participantes deben recorrer un circuito de 6,7 kil\u00f3metros en menos de una hora. Al cumplirse ese tiempo, vuelven a largar una nueva vuelta, repitiendo el proceso hasta que solo queda un competidor en carrera. Seg\u00fan G\u00f3mez, el verdadero desaf\u00edo no es \u00fanicamente f\u00edsico, sino principalmente mental.<\/p>\n<p>\u201cEs un testeo mental y f\u00edsico de la vida\u201d, resumi\u00f3 el atleta, quien lleg\u00f3 a Goya tras una intensa preparaci\u00f3n y luego de haber estudiado durante meses la estrategia utilizada por los principales especialistas de esta disciplina.<\/p>\n<p><b>UN CAMINO MARCADO POR EL DEPORTE Y LA SUPERACI\u00d3N<\/b><\/p>\n<p>G\u00f3mez cont\u00f3 que desde ni\u00f1o estuvo vinculado al deporte. Comenz\u00f3 con la nataci\u00f3n, luego incursion\u00f3 en distintas artes marciales, llegando incluso a competir a nivel nacional. Tras un per\u00edodo de alejamiento provocado por el fallecimiento de su padre, encontr\u00f3 en el atletismo una nueva motivaci\u00f3n para volver a competir y, sobre todo, para darles el ejemplo a sus tres hijas.<\/p>\n<p>\u201cVolv\u00ed por mis hijas, Delfina de 15 a\u00f1os, Luna la del medio de 8 y Anita, la m\u00e1s chiquita de 7 a\u00f1os. Las tres atletas, para llevarlas conmigo y darles el ejemplo\u201d, explic\u00f3 el deportista, quien actualmente combina competencias de atletismo, aguas abiertas y pruebas de resistencia.<\/p>\n<p><b>LA ESTRATEGIA PARA RESISTIR 26 HORAS<\/b><\/p>\n<p>Durante la entrevista, G\u00f3mez, de 40 a\u00f1os, explic\u00f3 que una prueba de estas caracter\u00edsticas requiere mucho m\u00e1s que entrenamiento f\u00edsico. La alimentaci\u00f3n, la hidrataci\u00f3n, el descanso y la fortaleza mental forman parte de una estrategia cuidadosamente planificada.<\/p>\n<p>Relat\u00f3 que en cada vuelta buscaba completar el recorrido en unos 46 o 47 minutos para disponer de algunos minutos de recuperaci\u00f3n antes de volver a largar. En esos breves intervalos aprovechaba para alimentarse con carbohidratos, arroz, pollo, d\u00e1tiles, nueces, bebidas con cafe\u00edna y sales minerales, adem\u00e1s de realizar microdescansos de apenas algunos minutos cuando el cansancio lo exig\u00eda.<\/p>\n<p>Tambi\u00e9n destac\u00f3 el rol fundamental de su esposa, quien actu\u00f3 como asistente durante toda la competencia, ayud\u00e1ndolo con la alimentaci\u00f3n, la hidrataci\u00f3n, el cuidado de los pies y la recuperaci\u00f3n f\u00edsica.<\/p>\n<p>\u201cGracias a ella pude superar mi r\u00e9cord personal. Antes hab\u00eda llegado a 24 horas y en Goya logr\u00e9 completar 26\u201d, afirm\u00f3.<\/p>\n<p><b>RECONOCIMIENTO PARA GOYA Y SU GENTE<\/b><\/p>\n<p>Uno de los aspectos que m\u00e1s valor\u00f3 el atleta fue el clima que se vivi\u00f3 durante toda la competencia. Record\u00f3 que lleg\u00f3 a la ciudad con dificultades para descansar y en medio de una fuerte tormenta, pero asegur\u00f3 que el aliento permanente del p\u00fablico fue determinante para sostener el esfuerzo durante las \u00faltimas horas.<\/p>\n<p>\u201cLo que pas\u00f3 en Goya fue \u00e9pico, sin precedentes. La gente nos llev\u00f3 hasta el final\u201d, expres\u00f3 emocionado. Incluso agradeci\u00f3 a los Bomberos Voluntarios que le brindaron alojamiento antes de la carrera y a los vecinos que permanecieron alentando durante toda la madrugada y hasta la definici\u00f3n de la prueba.<\/p>\n<p>Antes de cerrar la entrevista, G\u00f3mez tambi\u00e9n destac\u00f3 el rendimiento de los atletas locales, especialmente de quienes integraron el grupo de punta durante gran parte de la competencia, y confirm\u00f3 que ya tiene asegurada su participaci\u00f3n en la pr\u00f3xima edici\u00f3n.<\/p>\n<p>\u201cVoy a volver a Goya el a\u00f1o que viene. El cari\u00f1o de la gente fue impresionante y quiero vivir nuevamente esta experiencia\u201d, concluy\u00f3 el atleta colonense Ezequiel G\u00f3mez.<\/p>\n","protected":false},"excerpt":{"rendered":"<p>El atleta de Col\u00f3n, Entre R\u00edos, complet\u00f3 26 horas de competencia, bati\u00f3 su propio r\u00e9cord y recorri\u00f3 174 kil\u00f3metros en la primera \u201cBackyard Ultra\u201d realizada en Goya. Destac\u00f3 el nivel de la organizaci\u00f3n, el acompa\u00f1amiento del p\u00fablico y asegur\u00f3 que volver\u00e1 a competir el pr\u00f3ximo a\u00f1o. \u201cLo que pas\u00f3 en Goya fue \u00e9pico, sin precedentes. [&hellip;]<\/p>\n","protected":false},"author":2,"featured_media":11590,"comment_status":"open","ping_status":"open","sticky":false,"template":"","format":"standard","meta":{"footnotes":""},"categories":[83],"tags":[],"class_list":["post-11580","post","type-post","status-publish","format-standard","has-post-thumbnail","category-deporte"],"_links":{"self":[{"href":"https:\/\/radiokissnoticias.com.ar\/web\/wp-json\/wp\/v2\/posts\/11580","targetHints":{"allow":["GET"]}}],"collection":[{"href":"https:\/\/radiokissnoticias.com.ar\/web\/wp-json\/wp\/v2\/posts"}],"about":[{"href":"https:\/\/radiokissnoticias.com.ar\/web\/wp-json\/wp\/v2\/types\/post"}],"author":[{"embeddable":true,"href":"https:\/\/radiokissnoticias.com.ar\/web\/wp-json\/wp\/v2\/users\/2"}],"replies":[{"embeddable":true,"href":"https:\/\/radiokissnoticias.com.ar\/web\/wp-json\/wp\/v2\/comments?post=11580"}],"version-history":[{"count":1,"href":"https:\/\/radiokissnoticias.com.ar\/web\/wp-json\/wp\/v2\/posts\/11580\/revisions"}],"predecessor-version":[{"id":11582,"href":"https:\/\/radiokissnoticias.com.ar\/web\/wp-json\/wp\/v2\/posts\/11580\/revisions\/11582"}],"wp:featuredmedia":[{"embeddable":true,"href":"https:\/\/radiokissnoticias.com.ar\/web\/wp-json\/wp\/v2\/media\/11590"}],"wp:attachment":[{"href":"https:\/\/radiokissnoticias.com.ar\/web\/wp-json\/wp\/v2\/media?parent=11580"}],"wp:term":[{"taxonomy":"category","embeddable":true,"href":"https:\/\/radiokissnoticias.com.ar\/web\/wp-json\/wp\/v2\/categories?post=11580"},{"taxonomy":"post_tag","embeddable":true,"href":"https:\/\/radiokissnoticias.com.ar\/web\/wp-json\/wp\/v2\/tags?post=11580"}],"curies":[{"name":"wp","href":"https:\/\/api.w.org\/{rel}","templated":true}]}}