{"id":11567,"date":"2026-08-06T19:17:47","date_gmt":"2026-08-06T22:17:47","guid":{"rendered":"https:\/\/radiokissnoticias.com.ar\/web\/?p=11567"},"modified":"2026-08-06T19:17:47","modified_gmt":"2026-08-06T22:17:47","slug":"el-viernes-07-y-domingo-09-la-dpec-realizara-trabajos-de-mejoras-en-capital-goya-y-localidades-del-interior","status":"publish","type":"post","link":"https:\/\/radiokissnoticias.com.ar\/web\/2026\/08\/06\/el-viernes-07-y-domingo-09-la-dpec-realizara-trabajos-de-mejoras-en-capital-goya-y-localidades-del-interior\/","title":{"rendered":"EL VIERNES 07 Y DOMINGO 09: La DPEC realizar\u00e1 trabajos de mejoras en Capital, Goya y localidades del interior"},"content":{"rendered":"<p>La Direcci\u00f3n Provincial de Energ\u00eda de Corrientes (DPEC) informa que con motivo de realizar mejoras en el servicio, se interrumpir\u00e1 el suministro de energ\u00eda el\u00e9ctrica en la ciudad Capital, y en las localidades de Goya, La Cruz, Alvear, Estaci\u00f3n Torrent, Curuz\u00fa Cuati\u00e1, Sauce, y Paso de los Libres, en sus respectivos d\u00edas y horarios programados.<\/p>\n<p>En Capital, se ejecutar\u00e1n tareas de mantenimiento de L\u00edneas de Media Tensi\u00f3n, el viernes 07 de 07:00 a 08:00, en los barrios Popular, San Ger\u00f3nimo; y de 08:00 a 13:00, en los barrios Santa Margarita, Ca\u00f1ada Quir\u00f3z, y Dr. Monta\u00f1a.<\/p>\n<p>Adem\u00e1s en Goya, realizar\u00e1n mantenimiento de L\u00edneas de Media Tensi\u00f3n, el viernes 07 de 07:00 a 12:00 en el Norte de la ciudad, y Pje. Remanso.<\/p>\n<p>Tambi\u00e9n, se har\u00e1 mantenimiento de transformadores de potencia, en La Cruz, Alvear, y Estaci\u00f3n Torrent el domingo 09 de 07:30 a 10:30.<\/p>\n<p>Asimismo en Curuz\u00fa Cuati\u00e1 y Sauce, llevar\u00e1n a cabo mantenimiento de equipos de Alta Tensi\u00f3n, el domingo 09 de 07:00 a 11:00.<\/p>\n<p>Finalmente en Paso de los Libres, elaborar\u00e1n mantenimiento de L\u00edneas de Media Tensi\u00f3n, el viernes 07 de 08:00 a 12:00, en los barrios H\u00e9roes de Malvinas, Ra\u00fal Alfons\u00edn y zonas de influencia.<\/p>\n","protected":false},"excerpt":{"rendered":"<p>La Direcci\u00f3n Provincial de Energ\u00eda de Corrientes (DPEC) informa que con motivo de realizar mejoras en el servicio, se interrumpir\u00e1 el suministro de energ\u00eda el\u00e9ctrica en la ciudad Capital, y en las localidades de Goya, La Cruz, Alvear, Estaci\u00f3n Torrent, Curuz\u00fa Cuati\u00e1, Sauce, y Paso de los Libres, en sus respectivos d\u00edas y horarios programados. [&hellip;]<\/p>\n","protected":false},"author":2,"featured_media":11568,"comment_status":"open","ping_status":"open","sticky":false,"template":"","format":"standard","meta":{"footnotes":""},"categories":[79],"tags":[],"class_list":["post-11567","post","type-post","status-publish","format-standard","has-post-thumbnail","category-provincia"],"_links":{"self":[{"href":"https:\/\/radiokissnoticias.com.ar\/web\/wp-json\/wp\/v2\/posts\/11567","targetHints":{"allow":["GET"]}}],"collection":[{"href":"https:\/\/radiokissnoticias.com.ar\/web\/wp-json\/wp\/v2\/posts"}],"about":[{"href":"https:\/\/radiokissnoticias.com.ar\/web\/wp-json\/wp\/v2\/types\/post"}],"author":[{"embeddable":true,"href":"https:\/\/radiokissnoticias.com.ar\/web\/wp-json\/wp\/v2\/users\/2"}],"replies":[{"embeddable":true,"href":"https:\/\/radiokissnoticias.com.ar\/web\/wp-json\/wp\/v2\/comments?post=11567"}],"version-history":[{"count":1,"href":"https:\/\/radiokissnoticias.com.ar\/web\/wp-json\/wp\/v2\/posts\/11567\/revisions"}],"predecessor-version":[{"id":11569,"href":"https:\/\/radiokissnoticias.com.ar\/web\/wp-json\/wp\/v2\/posts\/11567\/revisions\/11569"}],"wp:featuredmedia":[{"embeddable":true,"href":"https:\/\/radiokissnoticias.com.ar\/web\/wp-json\/wp\/v2\/media\/11568"}],"wp:attachment":[{"href":"https:\/\/radiokissnoticias.com.ar\/web\/wp-json\/wp\/v2\/media?parent=11567"}],"wp:term":[{"taxonomy":"category","embeddable":true,"href":"https:\/\/radiokissnoticias.com.ar\/web\/wp-json\/wp\/v2\/categories?post=11567"},{"taxonomy":"post_tag","embeddable":true,"href":"https:\/\/radiokissnoticias.com.ar\/web\/wp-json\/wp\/v2\/tags?post=11567"}],"curies":[{"name":"wp","href":"https:\/\/api.w.org\/{rel}","templated":true}]}}