{"id":11557,"date":"2026-08-06T14:05:43","date_gmt":"2026-08-06T17:05:43","guid":{"rendered":"https:\/\/radiokissnoticias.com.ar\/web\/?p=11557"},"modified":"2026-08-06T14:05:43","modified_gmt":"2026-08-06T17:05:43","slug":"goya-se-prepara-para-honrar-a-san-cayetano-este-viernes","status":"publish","type":"post","link":"https:\/\/radiokissnoticias.com.ar\/web\/2026\/08\/06\/goya-se-prepara-para-honrar-a-san-cayetano-este-viernes\/","title":{"rendered":"Goya se prepara para honrar a San Cayetano, este viernes"},"content":{"rendered":"<p>La comunidad de San Cayetano, ubicada en la intersecci\u00f3n de las calles Tucum\u00e1n y Pujol, invita a participar de las celebraciones en honor a su santo patrono. Bajo el lema &#8220;Iglesia sinodal: comuni\u00f3n, participaci\u00f3n y misi\u00f3n&#8221;. Se invita a la comunidad a participar de las actividades que se cumplir\u00e1n durante la jornada del viernes.<\/p>\n<p>Este viernes 7 de agosto, la primera misa ser\u00e1 a las 0 y luego habr\u00e1 misa a las 10 de la ma\u00f1ana, luego 15, a las 20 horas y finalmente a las 22 horas. &#8211;<\/p>\n","protected":false},"excerpt":{"rendered":"<p>La comunidad de San Cayetano, ubicada en la intersecci\u00f3n de las calles Tucum\u00e1n y Pujol, invita a participar de las celebraciones en honor a su santo patrono. Bajo el lema &#8220;Iglesia sinodal: comuni\u00f3n, participaci\u00f3n y misi\u00f3n&#8221;. Se invita a la comunidad a participar de las actividades que se cumplir\u00e1n durante la jornada del viernes. Este [&hellip;]<\/p>\n","protected":false},"author":2,"featured_media":11558,"comment_status":"open","ping_status":"open","sticky":false,"template":"","format":"standard","meta":{"footnotes":""},"categories":[77],"tags":[],"class_list":["post-11557","post","type-post","status-publish","format-standard","has-post-thumbnail","category-local"],"_links":{"self":[{"href":"https:\/\/radiokissnoticias.com.ar\/web\/wp-json\/wp\/v2\/posts\/11557","targetHints":{"allow":["GET"]}}],"collection":[{"href":"https:\/\/radiokissnoticias.com.ar\/web\/wp-json\/wp\/v2\/posts"}],"about":[{"href":"https:\/\/radiokissnoticias.com.ar\/web\/wp-json\/wp\/v2\/types\/post"}],"author":[{"embeddable":true,"href":"https:\/\/radiokissnoticias.com.ar\/web\/wp-json\/wp\/v2\/users\/2"}],"replies":[{"embeddable":true,"href":"https:\/\/radiokissnoticias.com.ar\/web\/wp-json\/wp\/v2\/comments?post=11557"}],"version-history":[{"count":1,"href":"https:\/\/radiokissnoticias.com.ar\/web\/wp-json\/wp\/v2\/posts\/11557\/revisions"}],"predecessor-version":[{"id":11559,"href":"https:\/\/radiokissnoticias.com.ar\/web\/wp-json\/wp\/v2\/posts\/11557\/revisions\/11559"}],"wp:featuredmedia":[{"embeddable":true,"href":"https:\/\/radiokissnoticias.com.ar\/web\/wp-json\/wp\/v2\/media\/11558"}],"wp:attachment":[{"href":"https:\/\/radiokissnoticias.com.ar\/web\/wp-json\/wp\/v2\/media?parent=11557"}],"wp:term":[{"taxonomy":"category","embeddable":true,"href":"https:\/\/radiokissnoticias.com.ar\/web\/wp-json\/wp\/v2\/categories?post=11557"},{"taxonomy":"post_tag","embeddable":true,"href":"https:\/\/radiokissnoticias.com.ar\/web\/wp-json\/wp\/v2\/tags?post=11557"}],"curies":[{"name":"wp","href":"https:\/\/api.w.org\/{rel}","templated":true}]}}