{"id":11546,"date":"2026-08-06T10:45:50","date_gmt":"2026-08-06T13:45:50","guid":{"rendered":"https:\/\/radiokissnoticias.com.ar\/web\/?p=11546"},"modified":"2026-08-06T10:45:50","modified_gmt":"2026-08-06T13:45:50","slug":"ministro-de-salud-emilio-lanari-buscamos-el-recupero-de-los-que-pueden-pagar","status":"publish","type":"post","link":"https:\/\/radiokissnoticias.com.ar\/web\/2026\/08\/06\/ministro-de-salud-emilio-lanari-buscamos-el-recupero-de-los-que-pueden-pagar\/","title":{"rendered":"Ministro de Salud Emilio Lanari: \u00abBuscamos el recupero de los que pueden pagar\u00bb"},"content":{"rendered":"<p>En una reciente entrevista, el titular de la cartera sanitaria provincial, Emilio Lanari, traz\u00f3 los ejes centrales de la gesti\u00f3n actual, haciendo hincapi\u00e9 en la prevenci\u00f3n de emergencias y la modernizaci\u00f3n administrativa de los centros de salud.<\/p>\n<p>El Ministro subray\u00f3 que la Provincia est\u00e1 avanzando en la instalaci\u00f3n de desfibriladores autom\u00e1ticos en puntos estrat\u00e9gicos de alta concurrencia, como bares, restaurantes y oficinas p\u00fablicas.<\/p>\n<p>Para Lanari, la tecnolog\u00eda debe ir acompa\u00f1ada de conocimiento. En este sentido, se\u00f1al\u00f3 que se est\u00e1 llevando a cabo una tarea compleja de capacitaci\u00f3n y entrenamiento para que el personal de estos establecimientos sepa c\u00f3mo actuar ante una emergencia.<\/p>\n<p>El Ministro destac\u00f3 especialmente la labor de las fuerzas de seguridad, quienes frecuentemente deben intervenir en la v\u00eda p\u00fablica realizando maniobras de RCP o asistiendo partos.<\/p>\n<p>\u00abLo importante es estar preparado para las distintas emergencias haciendo la tarea de prevenci\u00f3n\u00bb, afirm\u00f3 el funcionario, mencionando que estas acciones no se limitan a la Polic\u00eda, sino que se extienden a colegios primarios y secundarios, donde se ense\u00f1an maniobras para casos de atragantamiento y reanimaci\u00f3n cardiopulmonar en el momento adecuado.<\/p>\n<p>En el \u00e1mbito administrativo, Lanari se refiri\u00f3 al nuevo sistema de arancelamiento hospitalario y al nomenclador provincial que comenz\u00f3 a instrumentarse recientemente. Explic\u00f3 que se encuentran en una etapa de capacitaci\u00f3n para los agentes de salud, especialmente en aquellas localidades m\u00e1s alejadas donde el mecanismo de recupero de gastos a\u00fan no est\u00e1 del todo aceitado.<\/p>\n<p>NACIONALES<\/p>\n<p>Ante la consulta sobre el cobro de servicios a ciudadanos extranjeros, el Ministro aclar\u00f3 que la ley actual habilita el cobro seg\u00fan el nomenclador, un punto que no estaba contemplado en la legislaci\u00f3n previa.<\/p>\n<p>Sin embargo, enfatiz\u00f3 que en los hospitales de frontera suele aceptarse la colaboraci\u00f3n de los pacientes atendidos.<\/p>\n<p>Lanari fue categ\u00f3rico al definir el esp\u00edritu de estas reformas: \u00abEl sistema de recupero lo primero que garantiza es la gratuidad de la atenci\u00f3n, sobre todo teniendo en cuenta la emergencia\u00bb.<\/p>\n<p>Seg\u00fan el funcionario, el nuevo sistema busca transparentar la acci\u00f3n sanitaria y est\u00e1 dise\u00f1ado para que aquellos pacientes que posean obra social, ART o capacidad econ\u00f3mica colaboren con el centro de salud.<\/p>\n<p>Finalmente, el Ministro insisti\u00f3 en que no se trata de un sistema coercitivo que impida el acceso a la salud. \u00abLo primero que hay que decir es que el sistema de recupero garantiza la gratuidad de la atenci\u00f3n de la salud p\u00fablica en Corrientes\u00bb, concluy\u00f3, estimando que los resultados definitivos de esta implementaci\u00f3n podr\u00e1n evaluarse en un plazo de seis meses a un a\u00f1o.<\/p>\n","protected":false},"excerpt":{"rendered":"<p>En una reciente entrevista, el titular de la cartera sanitaria provincial, Emilio Lanari, traz\u00f3 los ejes centrales de la gesti\u00f3n actual, haciendo hincapi\u00e9 en la prevenci\u00f3n de emergencias y la modernizaci\u00f3n administrativa de los centros de salud. El Ministro subray\u00f3 que la Provincia est\u00e1 avanzando en la instalaci\u00f3n de desfibriladores autom\u00e1ticos en puntos estrat\u00e9gicos de [&hellip;]<\/p>\n","protected":false},"author":2,"featured_media":11547,"comment_status":"open","ping_status":"open","sticky":false,"template":"","format":"standard","meta":{"footnotes":""},"categories":[79],"tags":[],"class_list":["post-11546","post","type-post","status-publish","format-standard","has-post-thumbnail","category-provincia"],"_links":{"self":[{"href":"https:\/\/radiokissnoticias.com.ar\/web\/wp-json\/wp\/v2\/posts\/11546","targetHints":{"allow":["GET"]}}],"collection":[{"href":"https:\/\/radiokissnoticias.com.ar\/web\/wp-json\/wp\/v2\/posts"}],"about":[{"href":"https:\/\/radiokissnoticias.com.ar\/web\/wp-json\/wp\/v2\/types\/post"}],"author":[{"embeddable":true,"href":"https:\/\/radiokissnoticias.com.ar\/web\/wp-json\/wp\/v2\/users\/2"}],"replies":[{"embeddable":true,"href":"https:\/\/radiokissnoticias.com.ar\/web\/wp-json\/wp\/v2\/comments?post=11546"}],"version-history":[{"count":1,"href":"https:\/\/radiokissnoticias.com.ar\/web\/wp-json\/wp\/v2\/posts\/11546\/revisions"}],"predecessor-version":[{"id":11548,"href":"https:\/\/radiokissnoticias.com.ar\/web\/wp-json\/wp\/v2\/posts\/11546\/revisions\/11548"}],"wp:featuredmedia":[{"embeddable":true,"href":"https:\/\/radiokissnoticias.com.ar\/web\/wp-json\/wp\/v2\/media\/11547"}],"wp:attachment":[{"href":"https:\/\/radiokissnoticias.com.ar\/web\/wp-json\/wp\/v2\/media?parent=11546"}],"wp:term":[{"taxonomy":"category","embeddable":true,"href":"https:\/\/radiokissnoticias.com.ar\/web\/wp-json\/wp\/v2\/categories?post=11546"},{"taxonomy":"post_tag","embeddable":true,"href":"https:\/\/radiokissnoticias.com.ar\/web\/wp-json\/wp\/v2\/tags?post=11546"}],"curies":[{"name":"wp","href":"https:\/\/api.w.org\/{rel}","templated":true}]}}