{"id":11533,"date":"2026-08-06T08:10:31","date_gmt":"2026-08-06T11:10:31","guid":{"rendered":"https:\/\/radiokissnoticias.com.ar\/web\/?p=11533"},"modified":"2026-08-06T08:10:31","modified_gmt":"2026-08-06T11:10:31","slug":"mensaje-de-los-obispos-es-la-argentina-entera-la-que-abre-el-corazon-y-las-puertas-al-sucesor-de-pedro","status":"publish","type":"post","link":"https:\/\/radiokissnoticias.com.ar\/web\/2026\/08\/06\/mensaje-de-los-obispos-es-la-argentina-entera-la-que-abre-el-corazon-y-las-puertas-al-sucesor-de-pedro\/","title":{"rendered":"Mensaje de los obispos: &#8220;Es la Argentina entera la que abre el coraz\u00f3n y las puertas al sucesor de Pedro&#8221;"},"content":{"rendered":"<p>Los obispos llaman a preparar el coraz\u00f3n para la visita del papa Le\u00f3n XIV. El obispo de Goya, monse\u00f1or Adolfo Canecin, hizo llegar a los medios de comunicaci\u00f3n y comparti\u00f3 su alegr\u00eda ante la confirmaci\u00f3n dada a conocer en la v\u00edspera. Destac\u00f3 que la Conferencia Episcopal Argentina anima a las comunidades a recibir con fe y esperanza el acontecimiento pastoral que marcar\u00e1 la vida de la Iglesia.<\/p>\n<p>Monse\u00f1or Canecin, difundi\u00f3 una carta dirigida al pueblo de Dios en la que expresa su alegr\u00eda por el anuncio de la visita pastoral del papa Le\u00f3n XIV al pa\u00eds prevista del 8 y el 11 de noviembre.<\/p>\n<p>El mensaje convoca a todas las comunidades a prepararse espiritualmente para este viaje papal.<\/p>\n<p>Los obispos destacan que el Santo Padre llega &#8220;a confirmarnos en la fe, renovar nuestra esperanza y alentarnos en la misi\u00f3n de anunciar el Evangelio&#8221;. Subrayan que, aunque ser\u00e1n pocos d\u00edas y lugares, &#8220;es la Argentina entera la que abre el coraz\u00f3n y las puertas al sucesor de Pedro&#8221;.<\/p>\n<p>En la carta recuerdan la invitaci\u00f3n del Papa en su enc\u00edclica Magnifica humanitas, que llama a &#8220;no permanecer como espectadores, sino a trabajar con perseverancia para hacer crecer la fraternidad&#8221;.<\/p>\n<p>Dios quiera que toda la patria viva este acontecimiento con esperanza, dej\u00e1ndose renovar por la presencia Le\u00f3n XIV, que en su enc\u00edclica Magnifica humanitas, nos invita a comprometernos en construcci\u00f3n de nuestro tiempo, anim\u00e1ndonos a no permanecer como espectadores, sino a trabajar con perseverancia para hacer crecer la fraternidad.<\/p>\n<p>Su estad\u00eda entre nosotros fortalezca nuestro caminar en comuni\u00f3n y nos anime a ser una Iglesia cada vez m\u00e1s cercana, servidora y comprometida con la realidad que nos toca.<\/p>\n<p>Los obispos animan a que la estad\u00eda del pont\u00edfice fortalezca la comuni\u00f3n y motive a ser una Iglesia &#8220;cada vez m\u00e1s cercana, servidora y comprometida con la realidad que nos toca&#8221;.-<\/p>\n","protected":false},"excerpt":{"rendered":"<p>Los obispos llaman a preparar el coraz\u00f3n para la visita del papa Le\u00f3n XIV. El obispo de Goya, monse\u00f1or Adolfo Canecin, hizo llegar a los medios de comunicaci\u00f3n y comparti\u00f3 su alegr\u00eda ante la confirmaci\u00f3n dada a conocer en la v\u00edspera. Destac\u00f3 que la Conferencia Episcopal Argentina anima a las comunidades a recibir con fe [&hellip;]<\/p>\n","protected":false},"author":2,"featured_media":11534,"comment_status":"open","ping_status":"open","sticky":false,"template":"","format":"standard","meta":{"footnotes":""},"categories":[77],"tags":[],"class_list":["post-11533","post","type-post","status-publish","format-standard","has-post-thumbnail","category-local"],"_links":{"self":[{"href":"https:\/\/radiokissnoticias.com.ar\/web\/wp-json\/wp\/v2\/posts\/11533","targetHints":{"allow":["GET"]}}],"collection":[{"href":"https:\/\/radiokissnoticias.com.ar\/web\/wp-json\/wp\/v2\/posts"}],"about":[{"href":"https:\/\/radiokissnoticias.com.ar\/web\/wp-json\/wp\/v2\/types\/post"}],"author":[{"embeddable":true,"href":"https:\/\/radiokissnoticias.com.ar\/web\/wp-json\/wp\/v2\/users\/2"}],"replies":[{"embeddable":true,"href":"https:\/\/radiokissnoticias.com.ar\/web\/wp-json\/wp\/v2\/comments?post=11533"}],"version-history":[{"count":1,"href":"https:\/\/radiokissnoticias.com.ar\/web\/wp-json\/wp\/v2\/posts\/11533\/revisions"}],"predecessor-version":[{"id":11535,"href":"https:\/\/radiokissnoticias.com.ar\/web\/wp-json\/wp\/v2\/posts\/11533\/revisions\/11535"}],"wp:featuredmedia":[{"embeddable":true,"href":"https:\/\/radiokissnoticias.com.ar\/web\/wp-json\/wp\/v2\/media\/11534"}],"wp:attachment":[{"href":"https:\/\/radiokissnoticias.com.ar\/web\/wp-json\/wp\/v2\/media?parent=11533"}],"wp:term":[{"taxonomy":"category","embeddable":true,"href":"https:\/\/radiokissnoticias.com.ar\/web\/wp-json\/wp\/v2\/categories?post=11533"},{"taxonomy":"post_tag","embeddable":true,"href":"https:\/\/radiokissnoticias.com.ar\/web\/wp-json\/wp\/v2\/tags?post=11533"}],"curies":[{"name":"wp","href":"https:\/\/api.w.org\/{rel}","templated":true}]}}